{"id":11876,"date":"2022-07-01T12:37:49","date_gmt":"2022-07-01T10:37:49","guid":{"rendered":"http:\/\/bergers-schlagerparadies.de\/?p=11876"},"modified":"2022-07-01T12:37:49","modified_gmt":"2022-07-01T10:37:49","slug":"vincent-gross-fiesta-del-mar-%c2%b7-bergers-schlagerparadies","status":"publish","type":"post","link":"https:\/\/bergers-schlagerparadies.de\/?p=11876","title":{"rendered":"Vincent Gross &#8211; Fiesta del Mar \u00b7 Berger\u00b4s Schlagerparadies"},"content":{"rendered":"<p><img loading=\"lazy\" decoding=\"async\" class=\"size-medium wp-image-11878 alignleft\" src=\"https:\/\/bergers-schlagerparadies.de\/wp-content\/uploads\/2022\/07\/Vincent-Gross-Fiesta-del-Mar-300x300.jpg\" alt=\"\" width=\"300\" height=\"300\" srcset=\"https:\/\/bergers-schlagerparadies.de\/wp-content\/uploads\/2022\/07\/Vincent-Gross-Fiesta-del-Mar-300x300.jpg 300w, https:\/\/bergers-schlagerparadies.de\/wp-content\/uploads\/2022\/07\/Vincent-Gross-Fiesta-del-Mar-1024x1024.jpg 1024w, https:\/\/bergers-schlagerparadies.de\/wp-content\/uploads\/2022\/07\/Vincent-Gross-Fiesta-del-Mar-150x150.jpg 150w, https:\/\/bergers-schlagerparadies.de\/wp-content\/uploads\/2022\/07\/Vincent-Gross-Fiesta-del-Mar-768x768.jpg 768w, https:\/\/bergers-schlagerparadies.de\/wp-content\/uploads\/2022\/07\/Vincent-Gross-Fiesta-del-Mar-1200x1200.jpg 1200w, https:\/\/bergers-schlagerparadies.de\/wp-content\/uploads\/2022\/07\/Vincent-Gross-Fiesta-del-Mar-1188x1188.jpg 1188w, https:\/\/bergers-schlagerparadies.de\/wp-content\/uploads\/2022\/07\/Vincent-Gross-Fiesta-del-Mar-100x100.jpg 100w, https:\/\/bergers-schlagerparadies.de\/wp-content\/uploads\/2022\/07\/Vincent-Gross-Fiesta-del-Mar-1320x1320.jpg 1320w, https:\/\/bergers-schlagerparadies.de\/wp-content\/uploads\/2022\/07\/Vincent-Gross-Fiesta-del-Mar.jpg 1440w\" sizes=\"auto, (max-width: 300px) 100vw, 300px\" \/>Vincent Gross hat das Urlaubsticket in den S\u00fcden:<br \/>\nDie neue Hochsommer-Single \u201eFiesta del Mar\u201c<br \/>\n++ ab 01. Juli im Stream und im Radio++<br \/>\nP\u00fcnktlich zum Beginn der hei\u00dfesten Jahreszeit entf\u00fchrt Vincent Gross seine Fans in mediterrane Gefilde, wenn er die neue Sommer-Single \u201eFiesta del Mar\u201c als ultimatives Ticket in den S\u00fcden auspackt. Der neueste Vorbote des kommenden Studioalbums \u201eFREI\u201c wird am 01.07. digital und als Radiosingle ver\u00f6ffentlicht.<br \/>\nDieses absolute, alles durchdringende Freiheitsgef\u00fchl, nach dem der Schweizer sein kommendes Studioalbum betitelt hat, macht sich auch auf seiner neuen Sommer-Hymne \u201eFiesta del Mar\u201c schon nach wenigen Takten breit: \u201eEndlich wieder Urlaub\u201c, stellt Vincent klar und macht erst mal einen dicken Strich durch jegliche To-do-Lists. Dazu serviert er bei traumhaften Hochsommertemperaturen eine leichte Brise Sommerwind und reichlich Sangria! Verziert mit spanischen Gru\u00df- und Party-Rufen \u00fcber dem extrem tanzbaren Fundament, vertont er seine #VacationGoals inklusive Nonstop-Party, weil \u201ewer braucht denn schon Siesta?!\u201c<br \/>\n\u201e36 Grad, Sangria, Sommer, Strand und Meer&#8230; kaum zu toppen. Hand aufs Herz, jeder will und liebt das \u2013 und ich ganz besonders\u201c, kommentiert der sympathische Hitgarant, der im Text immer wieder zum Tanzen und Feiern aufruft \u2013 kein Wunder, wo er doch sein kommendes \u201eFREI\u201c-Album tats\u00e4chlich im sonnigen M\u00e1laga geschrieben hat. \u201eHei\u00dfe Musik, tanzen, lachen, feiern. Salzige Meeresbrise, geschw\u00e4ngert mit dem Duft von Sonnencreme 50+ \u2026 stell es dir jetzt gerade vor \u2013 dann bist du direkt an der \u2018Fiesta del Mar\u2019\u201c, sagt er weiter und schl\u00e4gt im selben Atemzug zus\u00e4tzliche Lockerungsma\u00dfnahmen vor: \u201eSonst trinkst du halt noch ein paar San Miguels, denkst an M\u00e1laga und die Finca meines Produzenten. Glaub mir, du tanzt wie von alleine!\u201c, so Gross \u00fcber das neueste, 100% tanzbare Sound-Update.<br \/>\n\u201e\u2026 wir sind jung und frei \u2013 wir tanzen durch den Sommer\u201c<br \/>\nMit viel \u201eR\u00fcckenwind\u201c gestartet \u2013 so hie\u00df sein Deb\u00fctalbum im Jahr 2017 \u2013, steht der Name Vincent Gross seit \u00fcber f\u00fcnf Jahren f\u00fcr frischen, zeitgen\u00f6ssischen Popschlager-Sound und vertonte Lebensfreude. Nachdem sein Hit-Album \u201eM\u00f6wengold\u201c 2018 direkt auf Platz 11 der Offiziellen Deutschen Charts gelandet war (Schweiz #2!), vertonte Vincent seine Lebenslust zuletzt auf dem erfolgreichen Vorg\u00e4nger \u201eHautnah\u201c, der Anfang 2021 auch die deutschen Top-10 aufmischte (#7!) \u2013 um in der Heimat sogar auf die #1 zu gehen. Zuvor schon konnte der Ex-Taekwondo-Meister aus Basel etliche Preise abr\u00e4umen (u.a. Ekki G\u00f6pelt-Nachwuchspreis, SWR4 Musikpreis, SWR4 Durchstarter-Award, SMAGO Award, \u201eSchlager des Jahres 2018\u201c &amp; SMAGO \u201eK\u00f6nig der Radiocharts\/Deutschland Konservativ Pop 2020\u201c f\u00fcr kombiniert 15 Wochen #1 Airplay). Nach wie vor auf der Schnittstelle zwischen Schlager, Contemporary Pop und Dance unterwegs, setzt er f\u00fcr sein kommendes Album \u201eFrei\u201c auf absolute Unbeschwertheit.<\/p>\n<p>Von Abk\u00fchlung keine Spur: Die neue Single \u201eFiesta del Mar\u201c wird am 01.07.2022 digital bei TELAMO ver\u00f6ffentlicht.<\/p>\n<p>&nbsp;<\/p>\n<p><span style=\"color: #800000;\"><strong>Quelle: Telamo<\/strong><\/span><\/p>\n<p><span style=\"color: #800000;\"><strong>Dieser Song ist ab dem 01.07.2022 in allen bekannten Onlineshops erh\u00e4ltlich!<\/strong><\/span><\/p>\n<p><span style=\"color: #800000;\"><strong>Airdate (f\u00fcr Radiosender): 01.07.2022<\/strong><\/span><\/p>\n","protected":false},"excerpt":{"rendered":"<p>Vincent Gross hat das Urlaubsticket in den S\u00fcden: Die neue Hochsommer-Single \u201eFiesta del Mar\u201c ++ ab 01. Juli im Stream und im Radio++ P\u00fcnktlich zum Beginn der hei\u00dfesten Jahreszeit entf\u00fchrt Vincent Gross seine Fans in mediterrane Gefilde, wenn er die neue Sommer-Single \u201eFiesta del Mar\u201c als ultimatives Ticket in den S\u00fcden auspackt. Der neueste Vorbote des kommenden Studioalbums \u201eFREI\u201c wird am 01.07. digital und als Radiosingle ver\u00f6ffentlicht. Dieses absolute, alles durchdringende Freiheitsgef\u00fchl, nach dem der Schweizer sein kommendes Studioalbum betitelt hat, macht sich auch auf seiner neuen Sommer-Hymne \u201eFiesta del Mar\u201c schon nach wenigen Takten breit: \u201eEndlich wieder Urlaub\u201c, stellt Vincent klar und macht erst&#8230;<\/p>\n","protected":false},"author":1,"featured_media":11878,"comment_status":"closed","ping_status":"closed","sticky":false,"template":"","format":"standard","meta":{"footnotes":""},"categories":[2],"tags":[196],"class_list":["post-11876","post","type-post","status-publish","format-standard","has-post-thumbnail","hentry","category-schlager","tag-vincent-gross","wpcat-2-id"],"_links":{"self":[{"href":"https:\/\/bergers-schlagerparadies.de\/index.php?rest_route=\/wp\/v2\/posts\/11876","targetHints":{"allow":["GET"]}}],"collection":[{"href":"https:\/\/bergers-schlagerparadies.de\/index.php?rest_route=\/wp\/v2\/posts"}],"about":[{"href":"https:\/\/bergers-schlagerparadies.de\/index.php?rest_route=\/wp\/v2\/types\/post"}],"author":[{"embeddable":true,"href":"https:\/\/bergers-schlagerparadies.de\/index.php?rest_route=\/wp\/v2\/users\/1"}],"replies":[{"embeddable":true,"href":"https:\/\/bergers-schlagerparadies.de\/index.php?rest_route=%2Fwp%2Fv2%2Fcomments&post=11876"}],"version-history":[{"count":1,"href":"https:\/\/bergers-schlagerparadies.de\/index.php?rest_route=\/wp\/v2\/posts\/11876\/revisions"}],"predecessor-version":[{"id":11879,"href":"https:\/\/bergers-schlagerparadies.de\/index.php?rest_route=\/wp\/v2\/posts\/11876\/revisions\/11879"}],"wp:featuredmedia":[{"embeddable":true,"href":"https:\/\/bergers-schlagerparadies.de\/index.php?rest_route=\/wp\/v2\/media\/11878"}],"wp:attachment":[{"href":"https:\/\/bergers-schlagerparadies.de\/index.php?rest_route=%2Fwp%2Fv2%2Fmedia&parent=11876"}],"wp:term":[{"taxonomy":"category","embeddable":true,"href":"https:\/\/bergers-schlagerparadies.de\/index.php?rest_route=%2Fwp%2Fv2%2Fcategories&post=11876"},{"taxonomy":"post_tag","embeddable":true,"href":"https:\/\/bergers-schlagerparadies.de\/index.php?rest_route=%2Fwp%2Fv2%2Ftags&post=11876"}],"curies":[{"name":"wp","href":"https:\/\/api.w.org\/{rel}","templated":true}]}}