{"id":11868,"date":"2022-07-01T12:16:52","date_gmt":"2022-07-01T10:16:52","guid":{"rendered":"http:\/\/bergers-schlagerparadies.de\/?p=11868"},"modified":"2022-07-01T12:16:52","modified_gmt":"2022-07-01T10:16:52","slug":"romy-kirsch-ich-wollte-mich-nie-mehr-verlieren-%c2%b7-bergers-schlagerparadies","status":"publish","type":"post","link":"https:\/\/bergers-schlagerparadies.de\/?p=11868","title":{"rendered":"Romy Kirsch &#8211; Ich wollte mich nie mehr verlieren \u00b7 Berger\u00b4s Schlagerparadies"},"content":{"rendered":"<p><img loading=\"lazy\" decoding=\"async\" class=\"size-medium wp-image-11870 alignleft\" src=\"https:\/\/bergers-schlagerparadies.de\/wp-content\/uploads\/2022\/07\/Romy-Kirsch-Ich-wollte-mich-nie-mehr-verlieren-300x300.jpg\" alt=\"\" width=\"300\" height=\"300\" srcset=\"https:\/\/bergers-schlagerparadies.de\/wp-content\/uploads\/2022\/07\/Romy-Kirsch-Ich-wollte-mich-nie-mehr-verlieren-300x300.jpg 300w, https:\/\/bergers-schlagerparadies.de\/wp-content\/uploads\/2022\/07\/Romy-Kirsch-Ich-wollte-mich-nie-mehr-verlieren-1024x1024.jpg 1024w, https:\/\/bergers-schlagerparadies.de\/wp-content\/uploads\/2022\/07\/Romy-Kirsch-Ich-wollte-mich-nie-mehr-verlieren-150x150.jpg 150w, https:\/\/bergers-schlagerparadies.de\/wp-content\/uploads\/2022\/07\/Romy-Kirsch-Ich-wollte-mich-nie-mehr-verlieren-768x768.jpg 768w, https:\/\/bergers-schlagerparadies.de\/wp-content\/uploads\/2022\/07\/Romy-Kirsch-Ich-wollte-mich-nie-mehr-verlieren-1200x1200.jpg 1200w, https:\/\/bergers-schlagerparadies.de\/wp-content\/uploads\/2022\/07\/Romy-Kirsch-Ich-wollte-mich-nie-mehr-verlieren-1188x1188.jpg 1188w, https:\/\/bergers-schlagerparadies.de\/wp-content\/uploads\/2022\/07\/Romy-Kirsch-Ich-wollte-mich-nie-mehr-verlieren-100x100.jpg 100w, https:\/\/bergers-schlagerparadies.de\/wp-content\/uploads\/2022\/07\/Romy-Kirsch-Ich-wollte-mich-nie-mehr-verlieren-1320x1320.jpg 1320w, https:\/\/bergers-schlagerparadies.de\/wp-content\/uploads\/2022\/07\/Romy-Kirsch-Ich-wollte-mich-nie-mehr-verlieren.jpg 1440w\" sizes=\"auto, (max-width: 300px) 100vw, 300px\" \/>In gleich zwei Versionen pr\u00e4sentiert Romy Kirsch ihren Titel \u201eIch wollte mich nie mehr verlie-ren\u201c, die nat\u00fcrlich beide auch auf ihrem Album \u201eLeben &amp; Lamour\u201c zu finden sind. Eine mitrei-\u00dfende, emotionale Ballade, die sich in der Orchesterversion besonders gef\u00fchlvoll pr\u00e4sentiert. In der \u201eStandart\u201c-Version des Titels macht es die moderne, hochwertige Produktion gleichzeitig nahezu unm\u00f6glich, nicht die H\u00fcften zu der durch und durch tanzbaren Single zu bewegen. Eine Mischung, die es so nur selten gibt.<\/p>\n<p>W\u00e4hrend Anja Krabbe f\u00fcr den Text der Romy-Kirsch-Ma\u00dfanfertigung verantwortlich ist, hat Andr\u00e9 Stade nicht nur die Komposition, sondern auch bei dieser Single die Vertonung des Titels beigesteuert. Mit der hochkar\u00e4tigen Produktion hat es der beliebte S\u00e4nger, Komponist und Pro-duzent geschafft, die gef\u00fchlvolle Stimme von Romy Kirsch perfekt in Szene zu setzen, die Ge-f\u00fchle hervorragend und glaubw\u00fcrdig zu vertonen und zu transportieren.<\/p>\n<p>Romy Kirsch hat schon als Kind sehr viel deutschen Schlager geh\u00f6rt, weil ihre Gro\u00dfmutter so gerne die deutschen Schlagersender geh\u00f6rt und die unterschiedlichen Hitparaden mit ihr ange-schaut habe. Inspiriert von Andrea Berg, nat\u00fcrlich Mireille Mathieu, aber auch DJ \u00d6tzi und Ro-land Kaiser, entwickelte sich Romys Liebe zur deutschen Musik immer mehr.<\/p>\n<p>Inzwischen erwachsen und ausgebildete Physiotherapeutin, wusste die Franz\u00f6sin, als sie dem S\u00e4nger und Produzenten Andr\u00e9 Stade begegnet war, dass sie ihrem langj\u00e4hrigen Traum eine Chance geben w\u00fcrde \u2013 mit einem gro\u00dfartigen Team aus Songschreibern, Musikern und Produ-zenten.<br \/>\nDie Reise begann. Und 90.000 Kilometer sp\u00e4ter ist es da \u2013 das nun erscheinende Deb\u00fctalbum einer ganz besonderen Stimme, einer au\u00dfergew\u00f6hnlichen S\u00e4ngerin und einer bezaubernden Per-s\u00f6nlichkeit, die uns in ihre Welt des Lebens und der Liebe mitnimmt \u2013 au\u00dfergew\u00f6hnlich stark und au\u00dfergew\u00f6hnlich wahr.<\/p>\n<p>Die Single \u201eIch wollte mich nie mehr verlieren\u201c ist ab dem 01.07. im MPN verf\u00fcgbar.<\/p>\n<p>&nbsp;<\/p>\n<p><span style=\"color: #800000;\"><strong>Quelle: Telamo<\/strong><\/span><\/p>\n<p><span style=\"color: #800000;\"><strong>Dieser Song ist ab dem 01.07.2022 in allen bekannten Onlineshops erh\u00e4ltlich!<\/strong><\/span><\/p>\n<p><span style=\"color: #800000;\"><strong>Airdate (f\u00fcr Radiosender): 01.07.2022<\/strong><\/span><\/p>\n","protected":false},"excerpt":{"rendered":"<p>In gleich zwei Versionen pr\u00e4sentiert Romy Kirsch ihren Titel \u201eIch wollte mich nie mehr verlie-ren\u201c, die nat\u00fcrlich beide auch auf ihrem Album \u201eLeben &amp; Lamour\u201c zu finden sind. Eine mitrei-\u00dfende, emotionale Ballade, die sich in der Orchesterversion besonders gef\u00fchlvoll pr\u00e4sentiert. In der \u201eStandart\u201c-Version des Titels macht es die moderne, hochwertige Produktion gleichzeitig nahezu unm\u00f6glich, nicht die H\u00fcften zu der durch und durch tanzbaren Single zu bewegen. Eine Mischung, die es so nur selten gibt. W\u00e4hrend Anja Krabbe f\u00fcr den Text der Romy-Kirsch-Ma\u00dfanfertigung verantwortlich ist, hat Andr\u00e9 Stade nicht nur die Komposition, sondern auch bei dieser Single die Vertonung des Titels beigesteuert. Mit der hochkar\u00e4tigen Produktion&#8230;<\/p>\n","protected":false},"author":1,"featured_media":11870,"comment_status":"closed","ping_status":"closed","sticky":false,"template":"","format":"standard","meta":{"footnotes":""},"categories":[2],"tags":[714],"class_list":["post-11868","post","type-post","status-publish","format-standard","has-post-thumbnail","hentry","category-schlager","tag-romy-kirsch","wpcat-2-id"],"_links":{"self":[{"href":"https:\/\/bergers-schlagerparadies.de\/index.php?rest_route=\/wp\/v2\/posts\/11868","targetHints":{"allow":["GET"]}}],"collection":[{"href":"https:\/\/bergers-schlagerparadies.de\/index.php?rest_route=\/wp\/v2\/posts"}],"about":[{"href":"https:\/\/bergers-schlagerparadies.de\/index.php?rest_route=\/wp\/v2\/types\/post"}],"author":[{"embeddable":true,"href":"https:\/\/bergers-schlagerparadies.de\/index.php?rest_route=\/wp\/v2\/users\/1"}],"replies":[{"embeddable":true,"href":"https:\/\/bergers-schlagerparadies.de\/index.php?rest_route=%2Fwp%2Fv2%2Fcomments&post=11868"}],"version-history":[{"count":1,"href":"https:\/\/bergers-schlagerparadies.de\/index.php?rest_route=\/wp\/v2\/posts\/11868\/revisions"}],"predecessor-version":[{"id":11871,"href":"https:\/\/bergers-schlagerparadies.de\/index.php?rest_route=\/wp\/v2\/posts\/11868\/revisions\/11871"}],"wp:featuredmedia":[{"embeddable":true,"href":"https:\/\/bergers-schlagerparadies.de\/index.php?rest_route=\/wp\/v2\/media\/11870"}],"wp:attachment":[{"href":"https:\/\/bergers-schlagerparadies.de\/index.php?rest_route=%2Fwp%2Fv2%2Fmedia&parent=11868"}],"wp:term":[{"taxonomy":"category","embeddable":true,"href":"https:\/\/bergers-schlagerparadies.de\/index.php?rest_route=%2Fwp%2Fv2%2Fcategories&post=11868"},{"taxonomy":"post_tag","embeddable":true,"href":"https:\/\/bergers-schlagerparadies.de\/index.php?rest_route=%2Fwp%2Fv2%2Ftags&post=11868"}],"curies":[{"name":"wp","href":"https:\/\/api.w.org\/{rel}","templated":true}]}}