{"id":11667,"date":"2022-06-27T10:30:56","date_gmt":"2022-06-27T08:30:56","guid":{"rendered":"http:\/\/bergers-schlagerparadies.de\/?p=11667"},"modified":"2022-06-24T12:36:27","modified_gmt":"2022-06-24T10:36:27","slug":"daniel-aubeck-sogar-nachts-%c2%b7-bergers-schlagerparadies","status":"publish","type":"post","link":"https:\/\/bergers-schlagerparadies.de\/?p=11667","title":{"rendered":"Daniel Aubeck &#8211; Sogar Nachts \u00b7 Berger\u00b4s Schlagerparadies"},"content":{"rendered":"<p><img loading=\"lazy\" decoding=\"async\" class=\"size-medium wp-image-11669 alignleft\" src=\"https:\/\/bergers-schlagerparadies.de\/wp-content\/uploads\/2022\/06\/Daniel-Aubeck-Sogar-Nachts-300x300.jpg\" alt=\"\" width=\"300\" height=\"300\" srcset=\"https:\/\/bergers-schlagerparadies.de\/wp-content\/uploads\/2022\/06\/Daniel-Aubeck-Sogar-Nachts-300x300.jpg 300w, https:\/\/bergers-schlagerparadies.de\/wp-content\/uploads\/2022\/06\/Daniel-Aubeck-Sogar-Nachts-1024x1024.jpg 1024w, https:\/\/bergers-schlagerparadies.de\/wp-content\/uploads\/2022\/06\/Daniel-Aubeck-Sogar-Nachts-150x150.jpg 150w, https:\/\/bergers-schlagerparadies.de\/wp-content\/uploads\/2022\/06\/Daniel-Aubeck-Sogar-Nachts-768x768.jpg 768w, https:\/\/bergers-schlagerparadies.de\/wp-content\/uploads\/2022\/06\/Daniel-Aubeck-Sogar-Nachts-1536x1536.jpg 1536w, https:\/\/bergers-schlagerparadies.de\/wp-content\/uploads\/2022\/06\/Daniel-Aubeck-Sogar-Nachts-2048x2048.jpg 2048w, https:\/\/bergers-schlagerparadies.de\/wp-content\/uploads\/2022\/06\/Daniel-Aubeck-Sogar-Nachts-1200x1200.jpg 1200w, https:\/\/bergers-schlagerparadies.de\/wp-content\/uploads\/2022\/06\/Daniel-Aubeck-Sogar-Nachts-1188x1188.jpg 1188w, https:\/\/bergers-schlagerparadies.de\/wp-content\/uploads\/2022\/06\/Daniel-Aubeck-Sogar-Nachts-100x100.jpg 100w, https:\/\/bergers-schlagerparadies.de\/wp-content\/uploads\/2022\/06\/Daniel-Aubeck-Sogar-Nachts-1320x1320.jpg 1320w\" sizes=\"auto, (max-width: 300px) 100vw, 300px\" \/>Den Soundtrack seines Lebens schreibt Daniel Aubeck selbst und die Geschichten, die daraus entstehen, sind voller H\u00f6hen und Tiefen. Im ersten<br \/>\nVierteljahrhundert seines Lebens stand das unbeschriebene Blatt bereits auf B\u00fchnen und Stra\u00dfen als S\u00e4nger \/ Multiinstrumentalis und definierte so<br \/>\nseinen idiosynkratischen Stil durch amerikanischen Pop-Country-Spirit, in Symbiose mit effektvollen deutschen Texten.<\/p>\n<p>&nbsp;<\/p>\n<p>&nbsp;<\/p>\n<p>&nbsp;<\/p>\n<p>&nbsp;<\/p>\n<p><span style=\"color: #800000;\"><strong>Quelle: we-creative<\/strong><\/span><\/p>\n<p><span style=\"color: #800000;\"><strong>Dieser Song ist ab dem 29.06.2022 in allen bekannten Onlineshops erh\u00e4ltlich!<\/strong><\/span><\/p>\n<p><span style=\"color: #800000;\"><strong>Airdate (f\u00fcr Radiosender): 29.06.2022<\/strong><\/span><\/p>\n","protected":false},"excerpt":{"rendered":"<p>Den Soundtrack seines Lebens schreibt Daniel Aubeck selbst und die Geschichten, die daraus entstehen, sind voller H\u00f6hen und Tiefen. Im ersten Vierteljahrhundert seines Lebens stand das unbeschriebene Blatt bereits auf B\u00fchnen und Stra\u00dfen als S\u00e4nger \/ Multiinstrumentalis und definierte so seinen idiosynkratischen Stil durch amerikanischen Pop-Country-Spirit, in Symbiose mit effektvollen deutschen Texten. &nbsp; &nbsp; &nbsp; &nbsp; Quelle: we-creative Dieser Song ist ab dem 29.06.2022 in allen bekannten Onlineshops erh\u00e4ltlich! Airdate (f\u00fcr Radiosender): 29.06.2022<\/p>\n","protected":false},"author":1,"featured_media":11669,"comment_status":"closed","ping_status":"closed","sticky":false,"template":"","format":"standard","meta":{"footnotes":""},"categories":[2],"tags":[797],"class_list":["post-11667","post","type-post","status-publish","format-standard","has-post-thumbnail","hentry","category-schlager","tag-daniel-aubeck","wpcat-2-id"],"_links":{"self":[{"href":"https:\/\/bergers-schlagerparadies.de\/index.php?rest_route=\/wp\/v2\/posts\/11667","targetHints":{"allow":["GET"]}}],"collection":[{"href":"https:\/\/bergers-schlagerparadies.de\/index.php?rest_route=\/wp\/v2\/posts"}],"about":[{"href":"https:\/\/bergers-schlagerparadies.de\/index.php?rest_route=\/wp\/v2\/types\/post"}],"author":[{"embeddable":true,"href":"https:\/\/bergers-schlagerparadies.de\/index.php?rest_route=\/wp\/v2\/users\/1"}],"replies":[{"embeddable":true,"href":"https:\/\/bergers-schlagerparadies.de\/index.php?rest_route=%2Fwp%2Fv2%2Fcomments&post=11667"}],"version-history":[{"count":1,"href":"https:\/\/bergers-schlagerparadies.de\/index.php?rest_route=\/wp\/v2\/posts\/11667\/revisions"}],"predecessor-version":[{"id":11670,"href":"https:\/\/bergers-schlagerparadies.de\/index.php?rest_route=\/wp\/v2\/posts\/11667\/revisions\/11670"}],"wp:featuredmedia":[{"embeddable":true,"href":"https:\/\/bergers-schlagerparadies.de\/index.php?rest_route=\/wp\/v2\/media\/11669"}],"wp:attachment":[{"href":"https:\/\/bergers-schlagerparadies.de\/index.php?rest_route=%2Fwp%2Fv2%2Fmedia&parent=11667"}],"wp:term":[{"taxonomy":"category","embeddable":true,"href":"https:\/\/bergers-schlagerparadies.de\/index.php?rest_route=%2Fwp%2Fv2%2Fcategories&post=11667"},{"taxonomy":"post_tag","embeddable":true,"href":"https:\/\/bergers-schlagerparadies.de\/index.php?rest_route=%2Fwp%2Fv2%2Ftags&post=11667"}],"curies":[{"name":"wp","href":"https:\/\/api.w.org\/{rel}","templated":true}]}}