{"id":11520,"date":"2022-06-14T22:04:08","date_gmt":"2022-06-14T20:04:08","guid":{"rendered":"http:\/\/bergers-schlagerparadies.de\/?p=11520"},"modified":"2022-06-14T22:04:08","modified_gmt":"2022-06-14T20:04:08","slug":"michael-kern-endlich-wieder-sonne-%c2%b7-bergers-schlagerparadies","status":"publish","type":"post","link":"https:\/\/bergers-schlagerparadies.de\/?p=11520","title":{"rendered":"Michael Kern &#8211; Endlich wieder Sonne \u00b7 Berger\u00b4s Schlagerparadies"},"content":{"rendered":"<p><img loading=\"lazy\" decoding=\"async\" class=\"size-medium wp-image-11522 alignleft\" src=\"https:\/\/bergers-schlagerparadies.de\/wp-content\/uploads\/2022\/06\/Michael-Kern-Endlich-wieder-Sonne-300x300.jpg\" alt=\"\" width=\"300\" height=\"300\" srcset=\"https:\/\/bergers-schlagerparadies.de\/wp-content\/uploads\/2022\/06\/Michael-Kern-Endlich-wieder-Sonne-300x300.jpg 300w, https:\/\/bergers-schlagerparadies.de\/wp-content\/uploads\/2022\/06\/Michael-Kern-Endlich-wieder-Sonne-150x150.jpg 150w, https:\/\/bergers-schlagerparadies.de\/wp-content\/uploads\/2022\/06\/Michael-Kern-Endlich-wieder-Sonne-768x768.jpg 768w, https:\/\/bergers-schlagerparadies.de\/wp-content\/uploads\/2022\/06\/Michael-Kern-Endlich-wieder-Sonne-100x100.jpg 100w, https:\/\/bergers-schlagerparadies.de\/wp-content\/uploads\/2022\/06\/Michael-Kern-Endlich-wieder-Sonne.jpg 800w\" sizes=\"auto, (max-width: 300px) 100vw, 300px\" \/>Die wunderbarste Zeit des Jahres kann kommen. Endlich wieder Sonne\u201c \u2013 dazu Meer und Wind.<br \/>\nUnd man kann rausgehen, Menschen treffen. Wer h\u00e4tte vor ein paar Jahren gedacht, dass das mal unser gr\u00f6\u00dfter Wunsch werden k\u00f6nnte? Michael Kern spricht aus, was Millionen denken.<\/p>\n<p>Er hat all diese kommenden, wunderbaren Augenblicke in ein Sommersong gepackt, der sofort ins Ohr geht.<br \/>\nEr\u00a0 entl\u00e4dt Sehns\u00fcchte, G\u00e4nsehaut-Momente, l\u00e4sst Herzen und Barometer h\u00f6herschlagen. Man freut sich gleich auf Wellen, Wald, Wasserl\u00e4ufe, Wind und W\u00fcsteninseln. Hauptsache: raus.<\/p>\n<p>&nbsp;<\/p>\n<p><span style=\"color: #800000;\"><strong>Dieser Song ist ab dem 17.06.2022 in allen bekannten Onlineshops erh\u00e4ltlich!<\/strong><\/span><\/p>\n<p><span style=\"color: #800000;\"><strong>Airdate (f\u00fcr Radiosender): 10.06.2022<\/strong><\/span><\/p>\n","protected":false},"excerpt":{"rendered":"<p>Die wunderbarste Zeit des Jahres kann kommen. Endlich wieder Sonne\u201c \u2013 dazu Meer und Wind. Und man kann rausgehen, Menschen treffen. Wer h\u00e4tte vor ein paar Jahren gedacht, dass das mal unser gr\u00f6\u00dfter Wunsch werden k\u00f6nnte? Michael Kern spricht aus, was Millionen denken. Er hat all diese kommenden, wunderbaren Augenblicke in ein Sommersong gepackt, der sofort ins Ohr geht. Er\u00a0 entl\u00e4dt Sehns\u00fcchte, G\u00e4nsehaut-Momente, l\u00e4sst Herzen und Barometer h\u00f6herschlagen. Man freut sich gleich auf Wellen, Wald, Wasserl\u00e4ufe, Wind und W\u00fcsteninseln. Hauptsache: raus. &nbsp; Dieser Song ist ab dem 17.06.2022 in allen bekannten Onlineshops erh\u00e4ltlich! Airdate (f\u00fcr Radiosender): 10.06.2022<\/p>\n","protected":false},"author":1,"featured_media":11522,"comment_status":"closed","ping_status":"closed","sticky":false,"template":"","format":"standard","meta":{"footnotes":""},"categories":[2],"tags":[],"class_list":["post-11520","post","type-post","status-publish","format-standard","has-post-thumbnail","hentry","category-schlager","wpcat-2-id"],"_links":{"self":[{"href":"https:\/\/bergers-schlagerparadies.de\/index.php?rest_route=\/wp\/v2\/posts\/11520","targetHints":{"allow":["GET"]}}],"collection":[{"href":"https:\/\/bergers-schlagerparadies.de\/index.php?rest_route=\/wp\/v2\/posts"}],"about":[{"href":"https:\/\/bergers-schlagerparadies.de\/index.php?rest_route=\/wp\/v2\/types\/post"}],"author":[{"embeddable":true,"href":"https:\/\/bergers-schlagerparadies.de\/index.php?rest_route=\/wp\/v2\/users\/1"}],"replies":[{"embeddable":true,"href":"https:\/\/bergers-schlagerparadies.de\/index.php?rest_route=%2Fwp%2Fv2%2Fcomments&post=11520"}],"version-history":[{"count":1,"href":"https:\/\/bergers-schlagerparadies.de\/index.php?rest_route=\/wp\/v2\/posts\/11520\/revisions"}],"predecessor-version":[{"id":11523,"href":"https:\/\/bergers-schlagerparadies.de\/index.php?rest_route=\/wp\/v2\/posts\/11520\/revisions\/11523"}],"wp:featuredmedia":[{"embeddable":true,"href":"https:\/\/bergers-schlagerparadies.de\/index.php?rest_route=\/wp\/v2\/media\/11522"}],"wp:attachment":[{"href":"https:\/\/bergers-schlagerparadies.de\/index.php?rest_route=%2Fwp%2Fv2%2Fmedia&parent=11520"}],"wp:term":[{"taxonomy":"category","embeddable":true,"href":"https:\/\/bergers-schlagerparadies.de\/index.php?rest_route=%2Fwp%2Fv2%2Fcategories&post=11520"},{"taxonomy":"post_tag","embeddable":true,"href":"https:\/\/bergers-schlagerparadies.de\/index.php?rest_route=%2Fwp%2Fv2%2Ftags&post=11520"}],"curies":[{"name":"wp","href":"https:\/\/api.w.org\/{rel}","templated":true}]}}