{"id":11512,"date":"2022-06-14T21:50:51","date_gmt":"2022-06-14T19:50:51","guid":{"rendered":"http:\/\/bergers-schlagerparadies.de\/?p=11512"},"modified":"2022-06-14T21:50:51","modified_gmt":"2022-06-14T19:50:51","slug":"marc-laurin-eine-frage-der-zeit-%c2%b7-bergers-schlagerparadies","status":"publish","type":"post","link":"https:\/\/bergers-schlagerparadies.de\/?p=11512","title":{"rendered":"Marc Laurin &#8211; Eine Frage der Zeit \u00b7 Berger\u00b4s Schlagerparadies"},"content":{"rendered":"<p><img loading=\"lazy\" decoding=\"async\" class=\"size-medium wp-image-11514 alignleft\" src=\"https:\/\/bergers-schlagerparadies.de\/wp-content\/uploads\/2022\/06\/Marc-Laurin-Eine-Frage-der-Zeit-300x300.jpg\" alt=\"\" width=\"300\" height=\"300\" srcset=\"https:\/\/bergers-schlagerparadies.de\/wp-content\/uploads\/2022\/06\/Marc-Laurin-Eine-Frage-der-Zeit-300x300.jpg 300w, https:\/\/bergers-schlagerparadies.de\/wp-content\/uploads\/2022\/06\/Marc-Laurin-Eine-Frage-der-Zeit-150x150.jpg 150w, https:\/\/bergers-schlagerparadies.de\/wp-content\/uploads\/2022\/06\/Marc-Laurin-Eine-Frage-der-Zeit-768x768.jpg 768w, https:\/\/bergers-schlagerparadies.de\/wp-content\/uploads\/2022\/06\/Marc-Laurin-Eine-Frage-der-Zeit-100x100.jpg 100w, https:\/\/bergers-schlagerparadies.de\/wp-content\/uploads\/2022\/06\/Marc-Laurin-Eine-Frage-der-Zeit.jpg 800w\" sizes=\"auto, (max-width: 300px) 100vw, 300px\" \/>Sie ist da &#8211; die Debut-Single \u201eEine Frage der Zeit\u201c von Marc Laurin.<br \/>\nUnd \u2026 man kann es kaum glauben. Er ist trotz seiner fast 65 Lenze noch ein Newcomer in der Schlagerszene.<\/p>\n<p>Noch unglaublicher ist die Story rund um Marc Laurin, weil er diesen, von ihm selbst geschriebenen, Titel gleich in der Sommerhitparade von \u201eImmer wieder Sonntags\u201c mit Stefan Mross pr\u00e4sentieren darf.<br \/>\nSo was ist eigentlich nur m\u00f6glich, wenn sowohl der K\u00fcnstler als auch der Song \u00fcberzeugen k\u00f6nnen.<\/p>\n<p>Was f\u00fcr ein Einstieg als Schlager-Oldie und ehemaligem Schlagerfreak der 70-iger Jahre, damals als Teenager!<\/p>\n<p>Marc m\u00f6chte als Singer\/Songwriter mit seiner Lebenserfahrung nicht nur Geschichten in seinen Songs erz\u00e4hlen, er versucht darin auch Botschaften zu transportieren.<\/p>\n<p>Mit seiner Debut-Single ist ihm in Zusammenarbeit mit seinem Produzenten Marvin Trecha (u.a. Amigos, Calimeros, Monika Martin, Daniela Alfinito, Pauline, Schlagerpiloten \u2026) ein stimmungsvoller und doch hintergr\u00fcndiger Schlager gelungen.<\/p>\n<p>Denn Marc will mit diesem Song eines vermitteln:<br \/>\nDie Hoffnung und den Glauben an sich selbst.<\/p>\n<p>Hei\u00dft: Wenn auch der Trennungsschmerz nach einer Liebesromanze sehr gro\u00df ist, gilt es den Blick nach vorne zu richten. Denn: \u201eZeit heilt Wunden\u201c!<br \/>\nZumindest gibt die Zeit einem die Chance, das vergangene hinter sich zu lassen und neue Wege zu gehen.<\/p>\n<p>Und eine weitere Erkenntnis ist in dem Song zu finden:<br \/>\n\u201eWarum in die Ferne schweifen, wenn das Gute liegt, so nah\u201c<br \/>\nAuch das versucht der Song einem n\u00e4her zu bringen, n\u00e4mlich dass die wahre Liebe und das Gl\u00fcck unmittelbar in der N\u00e4he verborgen sein k\u00f6nnen.<\/p>\n<p>Es ist damit nur \u201eEine Frage der Zeit\u201c, wann dieser Titel alle Freunde und Anh\u00e4nger des deutschen Schlagers erreicht und \u00fcberzeugt.<br \/>\nMit der gleichnamigen Debut-Single ist ihm ein Erstlingswerk gelungen, das gleichwohl die Herzen der Schlager- wie auch Discofox-Fans h\u00f6herschlagen l\u00e4sst.<\/p>\n<p>&nbsp;<\/p>\n<p><span style=\"color: #800000;\"><strong>Dieser Song ist ab dem 17.06.2022 in allen bekannten Onlineshops erh\u00e4ltlich!<\/strong><\/span><\/p>\n<p><span style=\"color: #800000;\"><strong>Airdate (f\u00fcr Radiosender): 10.06.2022<\/strong><\/span><\/p>\n","protected":false},"excerpt":{"rendered":"<p>Sie ist da &#8211; die Debut-Single \u201eEine Frage der Zeit\u201c von Marc Laurin. Und \u2026 man kann es kaum glauben. Er ist trotz seiner fast 65 Lenze noch ein Newcomer in der Schlagerszene. Noch unglaublicher ist die Story rund um Marc Laurin, weil er diesen, von ihm selbst geschriebenen, Titel gleich in der Sommerhitparade von \u201eImmer wieder Sonntags\u201c mit Stefan Mross pr\u00e4sentieren darf. So was ist eigentlich nur m\u00f6glich, wenn sowohl der K\u00fcnstler als auch der Song \u00fcberzeugen k\u00f6nnen. Was f\u00fcr ein Einstieg als Schlager-Oldie und ehemaligem Schlagerfreak der 70-iger Jahre, damals als Teenager! Marc m\u00f6chte als Singer\/Songwriter mit seiner Lebenserfahrung nicht nur Geschichten in&#8230;<\/p>\n","protected":false},"author":1,"featured_media":11514,"comment_status":"closed","ping_status":"closed","sticky":false,"template":"","format":"standard","meta":{"footnotes":""},"categories":[2],"tags":[1374],"class_list":["post-11512","post","type-post","status-publish","format-standard","has-post-thumbnail","hentry","category-schlager","tag-marc-laurin","wpcat-2-id"],"_links":{"self":[{"href":"https:\/\/bergers-schlagerparadies.de\/index.php?rest_route=\/wp\/v2\/posts\/11512","targetHints":{"allow":["GET"]}}],"collection":[{"href":"https:\/\/bergers-schlagerparadies.de\/index.php?rest_route=\/wp\/v2\/posts"}],"about":[{"href":"https:\/\/bergers-schlagerparadies.de\/index.php?rest_route=\/wp\/v2\/types\/post"}],"author":[{"embeddable":true,"href":"https:\/\/bergers-schlagerparadies.de\/index.php?rest_route=\/wp\/v2\/users\/1"}],"replies":[{"embeddable":true,"href":"https:\/\/bergers-schlagerparadies.de\/index.php?rest_route=%2Fwp%2Fv2%2Fcomments&post=11512"}],"version-history":[{"count":1,"href":"https:\/\/bergers-schlagerparadies.de\/index.php?rest_route=\/wp\/v2\/posts\/11512\/revisions"}],"predecessor-version":[{"id":11515,"href":"https:\/\/bergers-schlagerparadies.de\/index.php?rest_route=\/wp\/v2\/posts\/11512\/revisions\/11515"}],"wp:featuredmedia":[{"embeddable":true,"href":"https:\/\/bergers-schlagerparadies.de\/index.php?rest_route=\/wp\/v2\/media\/11514"}],"wp:attachment":[{"href":"https:\/\/bergers-schlagerparadies.de\/index.php?rest_route=%2Fwp%2Fv2%2Fmedia&parent=11512"}],"wp:term":[{"taxonomy":"category","embeddable":true,"href":"https:\/\/bergers-schlagerparadies.de\/index.php?rest_route=%2Fwp%2Fv2%2Fcategories&post=11512"},{"taxonomy":"post_tag","embeddable":true,"href":"https:\/\/bergers-schlagerparadies.de\/index.php?rest_route=%2Fwp%2Fv2%2Ftags&post=11512"}],"curies":[{"name":"wp","href":"https:\/\/api.w.org\/{rel}","templated":true}]}}