{"id":11437,"date":"2022-06-13T10:30:54","date_gmt":"2022-06-13T08:30:54","guid":{"rendered":"http:\/\/bergers-schlagerparadies.de\/?p=11437"},"modified":"2022-06-10T12:31:34","modified_gmt":"2022-06-10T10:31:34","slug":"mosaik-denn-jetzt-geht-die-sonne-auf-%c2%b7-bergers-schlagerparadies","status":"publish","type":"post","link":"https:\/\/bergers-schlagerparadies.de\/?p=11437","title":{"rendered":"Mosaik &#8211; Denn jetzt geht die Sonne auf \u00b7 Berger\u00b4s Schlagerparadies"},"content":{"rendered":"<p><img loading=\"lazy\" decoding=\"async\" class=\"size-medium wp-image-11439 alignleft\" src=\"https:\/\/bergers-schlagerparadies.de\/wp-content\/uploads\/2022\/06\/Mosaik-Denn-jetzt-geht-die-Sonne-auf-300x300.jpg\" alt=\"\" width=\"300\" height=\"300\" srcset=\"https:\/\/bergers-schlagerparadies.de\/wp-content\/uploads\/2022\/06\/Mosaik-Denn-jetzt-geht-die-Sonne-auf-300x300.jpg 300w, https:\/\/bergers-schlagerparadies.de\/wp-content\/uploads\/2022\/06\/Mosaik-Denn-jetzt-geht-die-Sonne-auf-1024x1024.jpg 1024w, https:\/\/bergers-schlagerparadies.de\/wp-content\/uploads\/2022\/06\/Mosaik-Denn-jetzt-geht-die-Sonne-auf-150x150.jpg 150w, https:\/\/bergers-schlagerparadies.de\/wp-content\/uploads\/2022\/06\/Mosaik-Denn-jetzt-geht-die-Sonne-auf-768x768.jpg 768w, https:\/\/bergers-schlagerparadies.de\/wp-content\/uploads\/2022\/06\/Mosaik-Denn-jetzt-geht-die-Sonne-auf-1536x1536.jpg 1536w, https:\/\/bergers-schlagerparadies.de\/wp-content\/uploads\/2022\/06\/Mosaik-Denn-jetzt-geht-die-Sonne-auf-2048x2048.jpg 2048w, https:\/\/bergers-schlagerparadies.de\/wp-content\/uploads\/2022\/06\/Mosaik-Denn-jetzt-geht-die-Sonne-auf-1200x1200.jpg 1200w, https:\/\/bergers-schlagerparadies.de\/wp-content\/uploads\/2022\/06\/Mosaik-Denn-jetzt-geht-die-Sonne-auf-1188x1188.jpg 1188w, https:\/\/bergers-schlagerparadies.de\/wp-content\/uploads\/2022\/06\/Mosaik-Denn-jetzt-geht-die-Sonne-auf-100x100.jpg 100w, https:\/\/bergers-schlagerparadies.de\/wp-content\/uploads\/2022\/06\/Mosaik-Denn-jetzt-geht-die-Sonne-auf-1320x1320.jpg 1320w\" sizes=\"auto, (max-width: 300px) 100vw, 300px\" \/>MOSAIK&#8230;<br \/>\n\u2026sind 3 befreundete S\u00e4nger\/innen und Musiker\/innen aus Deutschland und \u00d6sterreich.<\/p>\n<p>In vielen grossen TV-Shows waren sie gern gesehene G\u00e4ste.<br \/>\nCarla Scheithe \u2013 18 Jahre lang die Akkordeon-Lady der ehemaligen Kultgruppe DIE SCH\u00c4FER<br \/>\nMichael Kastel \u2013 20 Jahre lang Fronts\u00e4nger der ehemaligen Kultgruppe DIE SCH\u00c4FER<br \/>\nund<br \/>\nMarina Ferdinand \u2013 Musical-, Jazz- und Studios\u00e4ngerin aus Seefeld\/Tirol.<br \/>\nNachdem sich DIE SCH\u00c4FER im Jahre 2020 aufgel\u00f6st hatten, gr\u00fcndeten Carla &amp; Michael 2021 die neue Schlagerband MOSAIK und nehmen Marina mit ins Boot.<\/p>\n<p>Ihre erste Single \u201eAM MEER\u201c startete gleich erfolgversprechend.<\/p>\n<p>Und nun \u2026..<br \/>\nMOSAIK \u2013 \u201eDENN JETZT GEHT DIE SONNE AUF\u201c<br \/>\nDie Zeit und das Gef\u00fchl um verloren geglaubte Tr\u00e4ume hat Michael Kastel -S\u00e4nger und Liedtexter- dazu bewogen, diesen Titel zu schreiben.<br \/>\nDie Komposition von Ralf Breidinger, das Arrangement von Andr\u00e8 Stade, transportieren diese Message in einem modernen Musikstil, dazu die soulige Popstimme von Marina Ferdinand und dem pr\u00e4gnanten Akkordeonsound von Carla Scheithe verleihen dem Titel die Kraft der Aufbruchstimmung. Mit Liebe und Mut, Freundschaft und Zuversicht erscheint alles so einfach.<br \/>\n, so bunt wie das Leben!<\/p>\n<p>Titel: Denn jetzt geht die Sonne auf 3:20 Min.<br \/>\nText: Michael Kastel<br \/>\nKomposition: Ralf Breidinger<br \/>\nArrangement: Andr\u00e8 Stade<br \/>\nVideoproduktion: Stefan Krug JUNIVISION<br \/>\nLabel: JUNIRECORDS<br \/>\nVerlag: Juni Musikverlag<\/p>\n<p>&nbsp;<\/p>\n<p><span style=\"color: #800000;\"><strong>Dieser Song ist ab dem 13.06.2022 in allen bekannten Onlineshops erh\u00e4ltlich!<\/strong><\/span><\/p>\n<p><span style=\"color: #800000;\"><strong>Airdate (f\u00fcr Radiosender): 13.06.2022<\/strong><\/span><\/p>\n","protected":false},"excerpt":{"rendered":"<p>MOSAIK&#8230; \u2026sind 3 befreundete S\u00e4nger\/innen und Musiker\/innen aus Deutschland und \u00d6sterreich. In vielen grossen TV-Shows waren sie gern gesehene G\u00e4ste. Carla Scheithe \u2013 18 Jahre lang die Akkordeon-Lady der ehemaligen Kultgruppe DIE SCH\u00c4FER Michael Kastel \u2013 20 Jahre lang Fronts\u00e4nger der ehemaligen Kultgruppe DIE SCH\u00c4FER und Marina Ferdinand \u2013 Musical-, Jazz- und Studios\u00e4ngerin aus Seefeld\/Tirol. Nachdem sich DIE SCH\u00c4FER im Jahre 2020 aufgel\u00f6st hatten, gr\u00fcndeten Carla &amp; Michael 2021 die neue Schlagerband MOSAIK und nehmen Marina mit ins Boot. Ihre erste Single \u201eAM MEER\u201c startete gleich erfolgversprechend. Und nun \u2026.. MOSAIK \u2013 \u201eDENN JETZT GEHT DIE SONNE AUF\u201c Die Zeit und das Gef\u00fchl um verloren&#8230;<\/p>\n","protected":false},"author":1,"featured_media":11439,"comment_status":"closed","ping_status":"closed","sticky":false,"template":"","format":"standard","meta":{"footnotes":""},"categories":[2],"tags":[1371],"class_list":["post-11437","post","type-post","status-publish","format-standard","has-post-thumbnail","hentry","category-schlager","tag-mosaik","wpcat-2-id"],"_links":{"self":[{"href":"https:\/\/bergers-schlagerparadies.de\/index.php?rest_route=\/wp\/v2\/posts\/11437","targetHints":{"allow":["GET"]}}],"collection":[{"href":"https:\/\/bergers-schlagerparadies.de\/index.php?rest_route=\/wp\/v2\/posts"}],"about":[{"href":"https:\/\/bergers-schlagerparadies.de\/index.php?rest_route=\/wp\/v2\/types\/post"}],"author":[{"embeddable":true,"href":"https:\/\/bergers-schlagerparadies.de\/index.php?rest_route=\/wp\/v2\/users\/1"}],"replies":[{"embeddable":true,"href":"https:\/\/bergers-schlagerparadies.de\/index.php?rest_route=%2Fwp%2Fv2%2Fcomments&post=11437"}],"version-history":[{"count":1,"href":"https:\/\/bergers-schlagerparadies.de\/index.php?rest_route=\/wp\/v2\/posts\/11437\/revisions"}],"predecessor-version":[{"id":11440,"href":"https:\/\/bergers-schlagerparadies.de\/index.php?rest_route=\/wp\/v2\/posts\/11437\/revisions\/11440"}],"wp:featuredmedia":[{"embeddable":true,"href":"https:\/\/bergers-schlagerparadies.de\/index.php?rest_route=\/wp\/v2\/media\/11439"}],"wp:attachment":[{"href":"https:\/\/bergers-schlagerparadies.de\/index.php?rest_route=%2Fwp%2Fv2%2Fmedia&parent=11437"}],"wp:term":[{"taxonomy":"category","embeddable":true,"href":"https:\/\/bergers-schlagerparadies.de\/index.php?rest_route=%2Fwp%2Fv2%2Fcategories&post=11437"},{"taxonomy":"post_tag","embeddable":true,"href":"https:\/\/bergers-schlagerparadies.de\/index.php?rest_route=%2Fwp%2Fv2%2Ftags&post=11437"}],"curies":[{"name":"wp","href":"https:\/\/api.w.org\/{rel}","templated":true}]}}