{"id":11195,"date":"2022-05-30T10:30:41","date_gmt":"2022-05-30T08:30:41","guid":{"rendered":"http:\/\/bergers-schlagerparadies.de\/?p=11195"},"modified":"2022-05-29T19:59:59","modified_gmt":"2022-05-29T17:59:59","slug":"marcella-carin-das-leben-ist-kein-wunschkonzert-%c2%b7-bergers-schlagerparadies","status":"publish","type":"post","link":"https:\/\/bergers-schlagerparadies.de\/?p=11195","title":{"rendered":"Marcella Carin &#8211; Das Leben ist kein Wunschkonzert \u00b7 Berger\u00b4s Schlagerparadies"},"content":{"rendered":"<p><img loading=\"lazy\" decoding=\"async\" class=\"size-medium wp-image-11197 alignleft\" src=\"https:\/\/bergers-schlagerparadies.de\/wp-content\/uploads\/2022\/05\/Marcella-Carin-Das-Leben-ist-kein-Wunschkonzert-300x300.jpg\" alt=\"\" width=\"300\" height=\"300\" srcset=\"https:\/\/bergers-schlagerparadies.de\/wp-content\/uploads\/2022\/05\/Marcella-Carin-Das-Leben-ist-kein-Wunschkonzert-300x300.jpg 300w, https:\/\/bergers-schlagerparadies.de\/wp-content\/uploads\/2022\/05\/Marcella-Carin-Das-Leben-ist-kein-Wunschkonzert-1024x1024.jpg 1024w, https:\/\/bergers-schlagerparadies.de\/wp-content\/uploads\/2022\/05\/Marcella-Carin-Das-Leben-ist-kein-Wunschkonzert-150x150.jpg 150w, https:\/\/bergers-schlagerparadies.de\/wp-content\/uploads\/2022\/05\/Marcella-Carin-Das-Leben-ist-kein-Wunschkonzert-768x768.jpg 768w, https:\/\/bergers-schlagerparadies.de\/wp-content\/uploads\/2022\/05\/Marcella-Carin-Das-Leben-ist-kein-Wunschkonzert-1200x1200.jpg 1200w, https:\/\/bergers-schlagerparadies.de\/wp-content\/uploads\/2022\/05\/Marcella-Carin-Das-Leben-ist-kein-Wunschkonzert-1188x1188.jpg 1188w, https:\/\/bergers-schlagerparadies.de\/wp-content\/uploads\/2022\/05\/Marcella-Carin-Das-Leben-ist-kein-Wunschkonzert-100x100.jpg 100w, https:\/\/bergers-schlagerparadies.de\/wp-content\/uploads\/2022\/05\/Marcella-Carin-Das-Leben-ist-kein-Wunschkonzert-1320x1320.jpg 1320w, https:\/\/bergers-schlagerparadies.de\/wp-content\/uploads\/2022\/05\/Marcella-Carin-Das-Leben-ist-kein-Wunschkonzert.jpg 1500w\" sizes=\"auto, (max-width: 300px) 100vw, 300px\" \/>Marcella Carin konfrontiert die Zuh\u00f6rer in diesem Song mit den wechselseitigen Herausforderungen des Lebens. Einerseits bewegen wir uns in einer Welt, in der immer mehr nach Leistung und Materiellem gehetzt wird, andererseits aber nur durch pers\u00f6nliches Tun die Fr\u00fcchte des Lebens geerntet werden k\u00f6nnen. Sie fordert dazu auf, dass wir uns gerade in Zeiten der Widerspr\u00fcchlichkeit auf unser Inneres besinnen und auf das Positive konzentrieren sollen. Denn wo Schatten ist, findet man auch Licht.<br \/>\nEs handelt sich hierbei um die Auskoppelung eines Songs aus Ihrem neuen Album &#8222;Wunschkonzert&#8220;.<\/p>\n<p>&nbsp;<\/p>\n<p><span style=\"color: #800000;\"><strong>Dieser Song ist ab dem 27.05.2022 in allen bekannten Onlineshops erh\u00e4ltlich!<\/strong><\/span><\/p>\n<p><span style=\"color: #800000;\"><strong>Airdate (f\u00fcr Radiosender): 27.05.2022<\/strong><\/span><\/p>\n","protected":false},"excerpt":{"rendered":"<p>Marcella Carin konfrontiert die Zuh\u00f6rer in diesem Song mit den wechselseitigen Herausforderungen des Lebens. Einerseits bewegen wir uns in einer Welt, in der immer mehr nach Leistung und Materiellem gehetzt wird, andererseits aber nur durch pers\u00f6nliches Tun die Fr\u00fcchte des Lebens geerntet werden k\u00f6nnen. Sie fordert dazu auf, dass wir uns gerade in Zeiten der Widerspr\u00fcchlichkeit auf unser Inneres besinnen und auf das Positive konzentrieren sollen. Denn wo Schatten ist, findet man auch Licht. Es handelt sich hierbei um die Auskoppelung eines Songs aus Ihrem neuen Album &#8222;Wunschkonzert&#8220;. &nbsp; Dieser Song ist ab dem 27.05.2022 in allen bekannten Onlineshops erh\u00e4ltlich! Airdate (f\u00fcr Radiosender): 27.05.2022<\/p>\n","protected":false},"author":1,"featured_media":11197,"comment_status":"closed","ping_status":"closed","sticky":false,"template":"","format":"standard","meta":{"footnotes":""},"categories":[2],"tags":[655],"class_list":["post-11195","post","type-post","status-publish","format-standard","has-post-thumbnail","hentry","category-schlager","tag-marcella-carin","wpcat-2-id"],"_links":{"self":[{"href":"https:\/\/bergers-schlagerparadies.de\/index.php?rest_route=\/wp\/v2\/posts\/11195","targetHints":{"allow":["GET"]}}],"collection":[{"href":"https:\/\/bergers-schlagerparadies.de\/index.php?rest_route=\/wp\/v2\/posts"}],"about":[{"href":"https:\/\/bergers-schlagerparadies.de\/index.php?rest_route=\/wp\/v2\/types\/post"}],"author":[{"embeddable":true,"href":"https:\/\/bergers-schlagerparadies.de\/index.php?rest_route=\/wp\/v2\/users\/1"}],"replies":[{"embeddable":true,"href":"https:\/\/bergers-schlagerparadies.de\/index.php?rest_route=%2Fwp%2Fv2%2Fcomments&post=11195"}],"version-history":[{"count":1,"href":"https:\/\/bergers-schlagerparadies.de\/index.php?rest_route=\/wp\/v2\/posts\/11195\/revisions"}],"predecessor-version":[{"id":11198,"href":"https:\/\/bergers-schlagerparadies.de\/index.php?rest_route=\/wp\/v2\/posts\/11195\/revisions\/11198"}],"wp:featuredmedia":[{"embeddable":true,"href":"https:\/\/bergers-schlagerparadies.de\/index.php?rest_route=\/wp\/v2\/media\/11197"}],"wp:attachment":[{"href":"https:\/\/bergers-schlagerparadies.de\/index.php?rest_route=%2Fwp%2Fv2%2Fmedia&parent=11195"}],"wp:term":[{"taxonomy":"category","embeddable":true,"href":"https:\/\/bergers-schlagerparadies.de\/index.php?rest_route=%2Fwp%2Fv2%2Fcategories&post=11195"},{"taxonomy":"post_tag","embeddable":true,"href":"https:\/\/bergers-schlagerparadies.de\/index.php?rest_route=%2Fwp%2Fv2%2Ftags&post=11195"}],"curies":[{"name":"wp","href":"https:\/\/api.w.org\/{rel}","templated":true}]}}