{"id":11051,"date":"2022-06-06T10:30:02","date_gmt":"2022-06-06T08:30:02","guid":{"rendered":"http:\/\/bergers-schlagerparadies.de\/?p=11051"},"modified":"2022-05-26T13:27:15","modified_gmt":"2022-05-26T11:27:15","slug":"linda-faeh-ich-liebe-rom-%c2%b7-bergers-schlagerparadies","status":"publish","type":"post","link":"https:\/\/bergers-schlagerparadies.de\/?p=11051","title":{"rendered":"Linda F\u00e4h &#8211; Ich liebe Rom \u00b7 Berger\u00b4s Schlagerparadies"},"content":{"rendered":"<div class=\"cxmmr5t8 oygrvhab hcukyx3x c1et5uql o9v6fnle ii04i59q\">\n<div dir=\"auto\"><img loading=\"lazy\" decoding=\"async\" class=\"size-medium wp-image-11053 alignleft\" src=\"https:\/\/bergers-schlagerparadies.de\/wp-content\/uploads\/2022\/05\/Linda-Faeh-Ich-liebe-Rom-300x300.jpg\" alt=\"\" width=\"300\" height=\"300\" srcset=\"https:\/\/bergers-schlagerparadies.de\/wp-content\/uploads\/2022\/05\/Linda-Faeh-Ich-liebe-Rom-300x300.jpg 300w, https:\/\/bergers-schlagerparadies.de\/wp-content\/uploads\/2022\/05\/Linda-Faeh-Ich-liebe-Rom-1024x1024.jpg 1024w, https:\/\/bergers-schlagerparadies.de\/wp-content\/uploads\/2022\/05\/Linda-Faeh-Ich-liebe-Rom-150x150.jpg 150w, https:\/\/bergers-schlagerparadies.de\/wp-content\/uploads\/2022\/05\/Linda-Faeh-Ich-liebe-Rom-768x768.jpg 768w, https:\/\/bergers-schlagerparadies.de\/wp-content\/uploads\/2022\/05\/Linda-Faeh-Ich-liebe-Rom.jpg 1200w, https:\/\/bergers-schlagerparadies.de\/wp-content\/uploads\/2022\/05\/Linda-Faeh-Ich-liebe-Rom-1188x1188.jpg 1188w, https:\/\/bergers-schlagerparadies.de\/wp-content\/uploads\/2022\/05\/Linda-Faeh-Ich-liebe-Rom-100x100.jpg 100w\" sizes=\"auto, (max-width: 300px) 100vw, 300px\" \/>F\u00fcr die f\u00fcnfte Single ihres neuen Albums &#8222;federleicht&#8220; wagen Linda F\u00e4h und ihr Produzenten Team (Text Rudolf M\u00fcssig, Musik Christoph Leis-Bendorff) nun wieder etwas ganz Spezielles: als Sommerhit lancieren sie eine Ballade.<\/div>\n<\/div>\n<div class=\"cxmmr5t8 oygrvhab hcukyx3x c1et5uql o9v6fnle ii04i59q\">\n<div dir=\"auto\">Mit der Single \u201eIch liebe Rom\u201c schl\u00e4gt die Schlagerfee aus der Schweiz sanftere T\u00f6ne an, aber wer genauer hinh\u00f6rt merkt schnell, dass der Text vor Sinnlichkeit knistert.<\/div>\n<\/div>\n<div dir=\"auto\"><\/div>\n<div dir=\"auto\"><\/div>\n<div dir=\"auto\"><\/div>\n<div dir=\"auto\"><\/div>\n<div dir=\"auto\"><\/div>\n<div dir=\"auto\"><\/div>\n<div dir=\"auto\"><\/div>\n<div dir=\"auto\">\n<p><span style=\"color: #800000;\"><strong>Dieser Song ist ab dem 10.06.2022 in allen bekannten Onlineshops erh\u00e4ltlich!<\/strong><\/span><\/p>\n<p><span style=\"color: #800000;\"><strong>Airdate (f\u00fcr Radiosender): 10.06.2022<\/strong><\/span><\/p>\n<\/div>\n","protected":false},"excerpt":{"rendered":"<p>F\u00fcr die f\u00fcnfte Single ihres neuen Albums &#8222;federleicht&#8220; wagen Linda F\u00e4h und ihr Produzenten Team (Text Rudolf M\u00fcssig, Musik Christoph Leis-Bendorff) nun wieder etwas ganz Spezielles: als Sommerhit lancieren sie eine Ballade. Mit der Single \u201eIch liebe Rom\u201c schl\u00e4gt die Schlagerfee aus der Schweiz sanftere T\u00f6ne an, aber wer genauer hinh\u00f6rt merkt schnell, dass der Text vor Sinnlichkeit knistert. Dieser Song ist ab dem 10.06.2022 in allen bekannten Onlineshops erh\u00e4ltlich! Airdate (f\u00fcr Radiosender): 10.06.2022<\/p>\n","protected":false},"author":1,"featured_media":11053,"comment_status":"closed","ping_status":"closed","sticky":false,"template":"","format":"standard","meta":{"footnotes":""},"categories":[2],"tags":[1018],"class_list":["post-11051","post","type-post","status-publish","format-standard","has-post-thumbnail","hentry","category-schlager","tag-linda-faeh","wpcat-2-id"],"_links":{"self":[{"href":"https:\/\/bergers-schlagerparadies.de\/index.php?rest_route=\/wp\/v2\/posts\/11051","targetHints":{"allow":["GET"]}}],"collection":[{"href":"https:\/\/bergers-schlagerparadies.de\/index.php?rest_route=\/wp\/v2\/posts"}],"about":[{"href":"https:\/\/bergers-schlagerparadies.de\/index.php?rest_route=\/wp\/v2\/types\/post"}],"author":[{"embeddable":true,"href":"https:\/\/bergers-schlagerparadies.de\/index.php?rest_route=\/wp\/v2\/users\/1"}],"replies":[{"embeddable":true,"href":"https:\/\/bergers-schlagerparadies.de\/index.php?rest_route=%2Fwp%2Fv2%2Fcomments&post=11051"}],"version-history":[{"count":3,"href":"https:\/\/bergers-schlagerparadies.de\/index.php?rest_route=\/wp\/v2\/posts\/11051\/revisions"}],"predecessor-version":[{"id":11057,"href":"https:\/\/bergers-schlagerparadies.de\/index.php?rest_route=\/wp\/v2\/posts\/11051\/revisions\/11057"}],"wp:featuredmedia":[{"embeddable":true,"href":"https:\/\/bergers-schlagerparadies.de\/index.php?rest_route=\/wp\/v2\/media\/11053"}],"wp:attachment":[{"href":"https:\/\/bergers-schlagerparadies.de\/index.php?rest_route=%2Fwp%2Fv2%2Fmedia&parent=11051"}],"wp:term":[{"taxonomy":"category","embeddable":true,"href":"https:\/\/bergers-schlagerparadies.de\/index.php?rest_route=%2Fwp%2Fv2%2Fcategories&post=11051"},{"taxonomy":"post_tag","embeddable":true,"href":"https:\/\/bergers-schlagerparadies.de\/index.php?rest_route=%2Fwp%2Fv2%2Ftags&post=11051"}],"curies":[{"name":"wp","href":"https:\/\/api.w.org\/{rel}","templated":true}]}}