{"id":10975,"date":"2022-05-30T10:30:26","date_gmt":"2022-05-30T08:30:26","guid":{"rendered":"http:\/\/bergers-schlagerparadies.de\/?p=10975"},"modified":"2022-05-22T13:45:32","modified_gmt":"2022-05-22T11:45:32","slug":"baeaeaerenstark-sommer-2022-%c2%b7-bergers-schlagerparadies","status":"publish","type":"post","link":"https:\/\/bergers-schlagerparadies.de\/?p=10975","title":{"rendered":"B\u00e4\u00e4\u00e4renstark!!! Sommer 2022 (Album) \u00b7 Berger\u00b4s Schlagerparadies"},"content":{"rendered":"<div class=\"cxmmr5t8 oygrvhab hcukyx3x c1et5uql o9v6fnle ii04i59q\">\n<div dir=\"auto\"><img loading=\"lazy\" decoding=\"async\" class=\"size-medium wp-image-10977 alignleft\" src=\"https:\/\/bergers-schlagerparadies.de\/wp-content\/uploads\/2022\/05\/Baeaeaerenstark-Sommer-2022-300x300.jpg\" alt=\"\" width=\"300\" height=\"300\" srcset=\"https:\/\/bergers-schlagerparadies.de\/wp-content\/uploads\/2022\/05\/Baeaeaerenstark-Sommer-2022-300x300.jpg 300w, https:\/\/bergers-schlagerparadies.de\/wp-content\/uploads\/2022\/05\/Baeaeaerenstark-Sommer-2022-1024x1024.jpg 1024w, https:\/\/bergers-schlagerparadies.de\/wp-content\/uploads\/2022\/05\/Baeaeaerenstark-Sommer-2022-150x150.jpg 150w, https:\/\/bergers-schlagerparadies.de\/wp-content\/uploads\/2022\/05\/Baeaeaerenstark-Sommer-2022-768x768.jpg 768w, https:\/\/bergers-schlagerparadies.de\/wp-content\/uploads\/2022\/05\/Baeaeaerenstark-Sommer-2022.jpg 1200w, https:\/\/bergers-schlagerparadies.de\/wp-content\/uploads\/2022\/05\/Baeaeaerenstark-Sommer-2022-1188x1188.jpg 1188w, https:\/\/bergers-schlagerparadies.de\/wp-content\/uploads\/2022\/05\/Baeaeaerenstark-Sommer-2022-100x100.jpg 100w\" sizes=\"auto, (max-width: 300px) 100vw, 300px\" \/>Nur die sonnigsten Hits, nur die strahlendsten Stars sind auf diesem 2CD Album vereint. Da ist gute Laune garantiert \u2013 mit B\u00c4\u00c4\u00c4RENSTARK!<\/div>\n<\/div>\n<div class=\"cxmmr5t8 oygrvhab hcukyx3x c1et5uql o9v6fnle ii04i59q\">\n<div dir=\"auto\">Dabei sind unter anderem:<\/div>\n<div dir=\"auto\"><span class=\"nc684nl6\">Roland Kaiser<\/span> \u201eGegen die Zeit kommt man nicht an\u201c, <span class=\"nc684nl6\">Matthias Reim<\/span> \u201eBlaulicht\u201c, <span class=\"nc684nl6\">Kerstin Ott<\/span> \u201eIch w\u00fcnsche mir von Dir\u201c, <span class=\"nc684nl6\">Sonia Liebing<\/span> \u201eSpuren der Liebe\u201c, <span class=\"nc684nl6\">Nino de Angelo<\/span> \u201eAn irgendwas glauben\u201c<\/div>\n<div dir=\"auto\"><span style=\"color: #800000;\">und noch viele mehr!<\/span><\/div>\n<\/div>\n<div dir=\"auto\"><\/div>\n<div dir=\"auto\"><\/div>\n<div dir=\"auto\"><\/div>\n<div dir=\"auto\"><\/div>\n<div dir=\"auto\"><\/div>\n<div dir=\"auto\"><\/div>\n<div dir=\"auto\">\n<p><span style=\"color: #800000;\"><strong>Dieses Album ist ab dem 03.06.2022 in allen bekannten Onlineshops erh\u00e4ltlich!<\/strong><\/span><\/p>\n<p><span style=\"color: #800000;\"><strong>Airdate (f\u00fcr Radiosender): 03.06.2022<\/strong><\/span><\/p>\n<\/div>\n","protected":false},"excerpt":{"rendered":"<p>Nur die sonnigsten Hits, nur die strahlendsten Stars sind auf diesem 2CD Album vereint. Da ist gute Laune garantiert \u2013 mit B\u00c4\u00c4\u00c4RENSTARK! Dabei sind unter anderem: Roland Kaiser \u201eGegen die Zeit kommt man nicht an\u201c, Matthias Reim \u201eBlaulicht\u201c, Kerstin Ott \u201eIch w\u00fcnsche mir von Dir\u201c, Sonia Liebing \u201eSpuren der Liebe\u201c, Nino de Angelo \u201eAn irgendwas glauben\u201c und noch viele mehr! Dieses Album ist ab dem 03.06.2022 in allen bekannten Onlineshops erh\u00e4ltlich! Airdate (f\u00fcr Radiosender): 03.06.2022<\/p>\n","protected":false},"author":1,"featured_media":10977,"comment_status":"closed","ping_status":"closed","sticky":false,"template":"","format":"standard","meta":{"footnotes":""},"categories":[2],"tags":[1324],"class_list":["post-10975","post","type-post","status-publish","format-standard","has-post-thumbnail","hentry","category-schlager","tag-baeaeaerenstark-sommer-2022","wpcat-2-id"],"_links":{"self":[{"href":"https:\/\/bergers-schlagerparadies.de\/index.php?rest_route=\/wp\/v2\/posts\/10975","targetHints":{"allow":["GET"]}}],"collection":[{"href":"https:\/\/bergers-schlagerparadies.de\/index.php?rest_route=\/wp\/v2\/posts"}],"about":[{"href":"https:\/\/bergers-schlagerparadies.de\/index.php?rest_route=\/wp\/v2\/types\/post"}],"author":[{"embeddable":true,"href":"https:\/\/bergers-schlagerparadies.de\/index.php?rest_route=\/wp\/v2\/users\/1"}],"replies":[{"embeddable":true,"href":"https:\/\/bergers-schlagerparadies.de\/index.php?rest_route=%2Fwp%2Fv2%2Fcomments&post=10975"}],"version-history":[{"count":3,"href":"https:\/\/bergers-schlagerparadies.de\/index.php?rest_route=\/wp\/v2\/posts\/10975\/revisions"}],"predecessor-version":[{"id":10987,"href":"https:\/\/bergers-schlagerparadies.de\/index.php?rest_route=\/wp\/v2\/posts\/10975\/revisions\/10987"}],"wp:featuredmedia":[{"embeddable":true,"href":"https:\/\/bergers-schlagerparadies.de\/index.php?rest_route=\/wp\/v2\/media\/10977"}],"wp:attachment":[{"href":"https:\/\/bergers-schlagerparadies.de\/index.php?rest_route=%2Fwp%2Fv2%2Fmedia&parent=10975"}],"wp:term":[{"taxonomy":"category","embeddable":true,"href":"https:\/\/bergers-schlagerparadies.de\/index.php?rest_route=%2Fwp%2Fv2%2Fcategories&post=10975"},{"taxonomy":"post_tag","embeddable":true,"href":"https:\/\/bergers-schlagerparadies.de\/index.php?rest_route=%2Fwp%2Fv2%2Ftags&post=10975"}],"curies":[{"name":"wp","href":"https:\/\/api.w.org\/{rel}","templated":true}]}}