{"id":10937,"date":"2022-05-20T14:12:48","date_gmt":"2022-05-20T12:12:48","guid":{"rendered":"http:\/\/bergers-schlagerparadies.de\/?p=10937"},"modified":"2022-05-20T14:12:48","modified_gmt":"2022-05-20T12:12:48","slug":"denise-repolusk-vamos-a-bailar-%c2%b7-bergers-schlagerparadies","status":"publish","type":"post","link":"https:\/\/bergers-schlagerparadies.de\/?p=10937","title":{"rendered":"Denise Repolusk &#8211; Vamos a bailar \u00b7 Berger\u00b4s Schlagerparadies"},"content":{"rendered":"<p><img loading=\"lazy\" decoding=\"async\" class=\"size-medium wp-image-10939 alignleft\" src=\"https:\/\/bergers-schlagerparadies.de\/wp-content\/uploads\/2022\/05\/Denise-Repolusk-Vamos-a-bailar-300x300.jpg\" alt=\"\" width=\"300\" height=\"300\" srcset=\"https:\/\/bergers-schlagerparadies.de\/wp-content\/uploads\/2022\/05\/Denise-Repolusk-Vamos-a-bailar-300x300.jpg 300w, https:\/\/bergers-schlagerparadies.de\/wp-content\/uploads\/2022\/05\/Denise-Repolusk-Vamos-a-bailar-1024x1024.jpg 1024w, https:\/\/bergers-schlagerparadies.de\/wp-content\/uploads\/2022\/05\/Denise-Repolusk-Vamos-a-bailar-150x150.jpg 150w, https:\/\/bergers-schlagerparadies.de\/wp-content\/uploads\/2022\/05\/Denise-Repolusk-Vamos-a-bailar-768x768.jpg 768w, https:\/\/bergers-schlagerparadies.de\/wp-content\/uploads\/2022\/05\/Denise-Repolusk-Vamos-a-bailar.jpg 1200w, https:\/\/bergers-schlagerparadies.de\/wp-content\/uploads\/2022\/05\/Denise-Repolusk-Vamos-a-bailar-1188x1188.jpg 1188w, https:\/\/bergers-schlagerparadies.de\/wp-content\/uploads\/2022\/05\/Denise-Repolusk-Vamos-a-bailar-100x100.jpg 100w\" sizes=\"auto, (max-width: 300px) 100vw, 300px\" \/>\u201eTanz mit mir heute Nacht\u201c singt Denise Repolusk in ihrer neusten Single. Hei\u00dfe Rhythmen, spanisches Temperament und die Sommersonne im S\u00fcden. Manchmal spricht der K\u00f6rper seine eigene Sprache, vor allem wenn es um hei\u00dfe Liebe geht.<\/p>\n<p>\u201eIch will dich\u201c &#8211; klare Worte, wenn das innere Feuer brennt. Und wo k\u00f6nnte man sich besser verlieben als in Spanien, dem Land der roten Sonne. Die Zeilen stammen erneut von Denise selbst und somit f\u00fchrt sie ihr neuentdecktes Talent als Songwriterin weiter fort, gemeinsam mit Singer-Songwriter-Produzenten P\u00e4rchen Jelfi (Jenny van Bree und Wolfgang Nadrag), die ebenso Komposition und Produktion mit dazu beigetragen haben.<\/p>\n<p>\u201eSchaust mir in die Augen\u201c &#8211; wenn die Anziehung das Ruder \u00fcbernimmt und zwei K\u00f6rper sich im Takt der Musik tragen lassen, dann ist das diesen Sommer \u201eVamos a bailar\u201c, gesungen von der h\u00fcbschen Blondine Denise Repolusk. F\u00fcr Partyfreunde pr\u00e4sentiert sie eine weitere Version des Songs. Van Gardan steuerte einen modernen und elektronischen Remix dazu bei.<\/p>\n<p>Und als Besonderheit und mit freundlicher Unterst\u00fctzung von Choreographin Katrin Biegl, tanzt Denise f\u00fcr uns in ihrem auf Mallorca gedrehten Musikvideo sogar.<br \/>\nJung, frech und blond! Denise Repolusk &#8211; die leidenschaftliche Vollendung der Musik!<\/p>\n<p>Label: Jelfi Records<br \/>\nText: Denise Repolusk<br \/>\nKomposition: Jenny van Bree, Wolfgang Nadrag (Jelfi)<br \/>\nProduktion: Jenny van Bree, Wolfgang Nadrag (Jelfi Records)<br \/>\nMusikvideo: Jelfi Media<br \/>\nZweite Kamera: Christian Repolusk<br \/>\nPressetext: Jelfi Media<br \/>\nFoto: Helmut Huppmann Fotografie<br \/>\nGrafik: Helmut Huppmann Fotografie \/ Jelfi Media<br \/>\nDrehorte \/ Support: Cheers Bar Cala Millor, Claudia Degen, Jenny Del\u00fcx &amp; Der Barfussschuh Cala Millor<\/p>\n<p>#TeamJelfi #Jelfiverbindet #Musikverbindet #JelfiRecords #JelfiMedia #Schlager #Pop #VamosABailar #DeniseRepolusk<\/p>\n<p>&nbsp;<\/p>\n<p><span style=\"color: #800000;\"><strong>Dieser Song ist ab dem 20.05.2022 in allen bekannten Onlineshops erh\u00e4ltlich!<\/strong><\/span><\/p>\n<p><span style=\"color: #800000;\"><strong>Airdate (f\u00fcr Radiosender): 20.05.2022<\/strong><\/span><\/p>\n","protected":false},"excerpt":{"rendered":"<p>\u201eTanz mit mir heute Nacht\u201c singt Denise Repolusk in ihrer neusten Single. Hei\u00dfe Rhythmen, spanisches Temperament und die Sommersonne im S\u00fcden. Manchmal spricht der K\u00f6rper seine eigene Sprache, vor allem wenn es um hei\u00dfe Liebe geht. \u201eIch will dich\u201c &#8211; klare Worte, wenn das innere Feuer brennt. Und wo k\u00f6nnte man sich besser verlieben als in Spanien, dem Land der roten Sonne. Die Zeilen stammen erneut von Denise selbst und somit f\u00fchrt sie ihr neuentdecktes Talent als Songwriterin weiter fort, gemeinsam mit Singer-Songwriter-Produzenten P\u00e4rchen Jelfi (Jenny van Bree und Wolfgang Nadrag), die ebenso Komposition und Produktion mit dazu beigetragen haben. \u201eSchaust mir in die Augen\u201c&#8230;<\/p>\n","protected":false},"author":1,"featured_media":10939,"comment_status":"closed","ping_status":"closed","sticky":false,"template":"","format":"standard","meta":{"footnotes":""},"categories":[2],"tags":[896],"class_list":["post-10937","post","type-post","status-publish","format-standard","has-post-thumbnail","hentry","category-schlager","tag-denise-repolusk","wpcat-2-id"],"_links":{"self":[{"href":"https:\/\/bergers-schlagerparadies.de\/index.php?rest_route=\/wp\/v2\/posts\/10937","targetHints":{"allow":["GET"]}}],"collection":[{"href":"https:\/\/bergers-schlagerparadies.de\/index.php?rest_route=\/wp\/v2\/posts"}],"about":[{"href":"https:\/\/bergers-schlagerparadies.de\/index.php?rest_route=\/wp\/v2\/types\/post"}],"author":[{"embeddable":true,"href":"https:\/\/bergers-schlagerparadies.de\/index.php?rest_route=\/wp\/v2\/users\/1"}],"replies":[{"embeddable":true,"href":"https:\/\/bergers-schlagerparadies.de\/index.php?rest_route=%2Fwp%2Fv2%2Fcomments&post=10937"}],"version-history":[{"count":1,"href":"https:\/\/bergers-schlagerparadies.de\/index.php?rest_route=\/wp\/v2\/posts\/10937\/revisions"}],"predecessor-version":[{"id":10940,"href":"https:\/\/bergers-schlagerparadies.de\/index.php?rest_route=\/wp\/v2\/posts\/10937\/revisions\/10940"}],"wp:featuredmedia":[{"embeddable":true,"href":"https:\/\/bergers-schlagerparadies.de\/index.php?rest_route=\/wp\/v2\/media\/10939"}],"wp:attachment":[{"href":"https:\/\/bergers-schlagerparadies.de\/index.php?rest_route=%2Fwp%2Fv2%2Fmedia&parent=10937"}],"wp:term":[{"taxonomy":"category","embeddable":true,"href":"https:\/\/bergers-schlagerparadies.de\/index.php?rest_route=%2Fwp%2Fv2%2Fcategories&post=10937"},{"taxonomy":"post_tag","embeddable":true,"href":"https:\/\/bergers-schlagerparadies.de\/index.php?rest_route=%2Fwp%2Fv2%2Ftags&post=10937"}],"curies":[{"name":"wp","href":"https:\/\/api.w.org\/{rel}","templated":true}]}}