{"id":10687,"date":"2022-05-06T11:18:15","date_gmt":"2022-05-06T09:18:15","guid":{"rendered":"http:\/\/bergers-schlagerparadies.de\/?p=10687"},"modified":"2022-05-06T11:18:15","modified_gmt":"2022-05-06T09:18:15","slug":"nina-monschein-der-vorhang-faellt-%c2%b7-bergers-schlagerparadies","status":"publish","type":"post","link":"https:\/\/bergers-schlagerparadies.de\/?p=10687","title":{"rendered":"Nina Monschein &#8211; Der Vorhang f\u00e4llt \u00b7 Berger\u00b4s Schlagerparadies"},"content":{"rendered":"<p><img loading=\"lazy\" decoding=\"async\" class=\"size-medium wp-image-10689 alignleft\" src=\"https:\/\/bergers-schlagerparadies.de\/wp-content\/uploads\/2022\/05\/Nina-Monschein-Der-Vorhang-faellt-300x300.jpg\" alt=\"\" width=\"300\" height=\"300\" srcset=\"https:\/\/bergers-schlagerparadies.de\/wp-content\/uploads\/2022\/05\/Nina-Monschein-Der-Vorhang-faellt-300x300.jpg 300w, https:\/\/bergers-schlagerparadies.de\/wp-content\/uploads\/2022\/05\/Nina-Monschein-Der-Vorhang-faellt-1024x1024.jpg 1024w, https:\/\/bergers-schlagerparadies.de\/wp-content\/uploads\/2022\/05\/Nina-Monschein-Der-Vorhang-faellt-150x150.jpg 150w, https:\/\/bergers-schlagerparadies.de\/wp-content\/uploads\/2022\/05\/Nina-Monschein-Der-Vorhang-faellt-768x768.jpg 768w, https:\/\/bergers-schlagerparadies.de\/wp-content\/uploads\/2022\/05\/Nina-Monschein-Der-Vorhang-faellt.jpg 1200w, https:\/\/bergers-schlagerparadies.de\/wp-content\/uploads\/2022\/05\/Nina-Monschein-Der-Vorhang-faellt-1188x1188.jpg 1188w, https:\/\/bergers-schlagerparadies.de\/wp-content\/uploads\/2022\/05\/Nina-Monschein-Der-Vorhang-faellt-100x100.jpg 100w\" sizes=\"auto, (max-width: 300px) 100vw, 300px\" \/>Mit viel Mut, Charme und Power st\u00fcrmte Newcomerin Nina Monschein Anfang des Jahres mit<br \/>\nihrer Deb\u00fct-Single \u201eWas wenn\u201d die Schlager-Charts. Mit ihrer neuen Single \u201eDer Vorhang f\u00e4llt\u201d (V\u00d6:<br \/>\n6.5.2022) liefert die Singer-Songwriterin nun eine ungemein eing\u00e4ngige, hitverd\u00e4chtige<br \/>\nPopschlager-Power-Hymne , d i e a u f ihre au\u00dfergew\u00f6hnliche Stimme mit glockenhellen,<br \/>\ngef\u00fchlvollen Timbre trifft. Dabei ist \u201eDer Vorhang f\u00e4llt\u201d nicht als Ende, sondern<br \/>\nals Anfang zu verstehen: Der Vorhang f\u00e4llt und enth\u00fcllt Nina, wie sie lebt und liebt: mit gro\u00dfen<br \/>\nGef\u00fchlen und Tr\u00e4umen, Musik im Herzen und einer Botschaft, die derzeit nicht passender sein<br \/>\nk\u00f6nnte: \u201eDas bin ich, das bist du, das sind wir &#8211; wir sind zum Lieben geboren.\u201d<br \/>\nWie bei all ihren Songs, stammen sowohl Musik als auch Text wieder aus Ninas Feder. Produziert wurde<br \/>\nder Titel von Markus Norwin Rummel (u.a. Kerstin Ott, Ben Zucker, Semino Rossi).<br \/>\nDer Vorhang f\u00e4llt und Nina Monschein beweist erneut:<\/p>\n<p>Hier steht der Schlager-Welt noch Gro\u00dfes bevor.<\/p>\n<p><span style=\"color: #800000;\"><strong>Dieser Song ist ab dem 06.05.2022 in allen bekannten Onlineshops erh\u00e4ltlich!<\/strong><\/span><\/p>\n<p><span style=\"color: #800000;\"><strong>Airdate (f\u00fcr Radiosender): 06.05.2022<\/strong><\/span><\/p>\n","protected":false},"excerpt":{"rendered":"<p>Mit viel Mut, Charme und Power st\u00fcrmte Newcomerin Nina Monschein Anfang des Jahres mit ihrer Deb\u00fct-Single \u201eWas wenn\u201d die Schlager-Charts. Mit ihrer neuen Single \u201eDer Vorhang f\u00e4llt\u201d (V\u00d6: 6.5.2022) liefert die Singer-Songwriterin nun eine ungemein eing\u00e4ngige, hitverd\u00e4chtige Popschlager-Power-Hymne , d i e a u f ihre au\u00dfergew\u00f6hnliche Stimme mit glockenhellen, gef\u00fchlvollen Timbre trifft. Dabei ist \u201eDer Vorhang f\u00e4llt\u201d nicht als Ende, sondern als Anfang zu verstehen: Der Vorhang f\u00e4llt und enth\u00fcllt Nina, wie sie lebt und liebt: mit gro\u00dfen Gef\u00fchlen und Tr\u00e4umen, Musik im Herzen und einer Botschaft, die derzeit nicht passender sein k\u00f6nnte: \u201eDas bin ich, das bist du, das sind wir &#8211; wir&#8230;<\/p>\n","protected":false},"author":1,"featured_media":10689,"comment_status":"closed","ping_status":"closed","sticky":false,"template":"","format":"standard","meta":{"footnotes":""},"categories":[2],"tags":[1135],"class_list":["post-10687","post","type-post","status-publish","format-standard","has-post-thumbnail","hentry","category-schlager","tag-nina-monschein","wpcat-2-id"],"_links":{"self":[{"href":"https:\/\/bergers-schlagerparadies.de\/index.php?rest_route=\/wp\/v2\/posts\/10687","targetHints":{"allow":["GET"]}}],"collection":[{"href":"https:\/\/bergers-schlagerparadies.de\/index.php?rest_route=\/wp\/v2\/posts"}],"about":[{"href":"https:\/\/bergers-schlagerparadies.de\/index.php?rest_route=\/wp\/v2\/types\/post"}],"author":[{"embeddable":true,"href":"https:\/\/bergers-schlagerparadies.de\/index.php?rest_route=\/wp\/v2\/users\/1"}],"replies":[{"embeddable":true,"href":"https:\/\/bergers-schlagerparadies.de\/index.php?rest_route=%2Fwp%2Fv2%2Fcomments&post=10687"}],"version-history":[{"count":1,"href":"https:\/\/bergers-schlagerparadies.de\/index.php?rest_route=\/wp\/v2\/posts\/10687\/revisions"}],"predecessor-version":[{"id":10690,"href":"https:\/\/bergers-schlagerparadies.de\/index.php?rest_route=\/wp\/v2\/posts\/10687\/revisions\/10690"}],"wp:featuredmedia":[{"embeddable":true,"href":"https:\/\/bergers-schlagerparadies.de\/index.php?rest_route=\/wp\/v2\/media\/10689"}],"wp:attachment":[{"href":"https:\/\/bergers-schlagerparadies.de\/index.php?rest_route=%2Fwp%2Fv2%2Fmedia&parent=10687"}],"wp:term":[{"taxonomy":"category","embeddable":true,"href":"https:\/\/bergers-schlagerparadies.de\/index.php?rest_route=%2Fwp%2Fv2%2Fcategories&post=10687"},{"taxonomy":"post_tag","embeddable":true,"href":"https:\/\/bergers-schlagerparadies.de\/index.php?rest_route=%2Fwp%2Fv2%2Ftags&post=10687"}],"curies":[{"name":"wp","href":"https:\/\/api.w.org\/{rel}","templated":true}]}}