{"id":10598,"date":"2022-04-29T15:49:44","date_gmt":"2022-04-29T13:49:44","guid":{"rendered":"http:\/\/bergers-schlagerparadies.de\/?p=10598"},"modified":"2022-04-29T15:49:44","modified_gmt":"2022-04-29T13:49:44","slug":"wind-geh-aus-meinem-kopf-%c2%b7-bergers-schlagerparadies","status":"publish","type":"post","link":"https:\/\/bergers-schlagerparadies.de\/?p=10598","title":{"rendered":"Wind &#8211; Geh&#8216; aus meinem Kopf \u00b7 Berger\u00b4s Schlagerparadies"},"content":{"rendered":"<p><img loading=\"lazy\" decoding=\"async\" class=\"size-medium wp-image-10600 alignleft\" src=\"https:\/\/bergers-schlagerparadies.de\/wp-content\/uploads\/2022\/04\/Wind-Geh-aus-meinem-Kopf-300x300.jpg\" alt=\"\" width=\"300\" height=\"300\" srcset=\"https:\/\/bergers-schlagerparadies.de\/wp-content\/uploads\/2022\/04\/Wind-Geh-aus-meinem-Kopf-300x300.jpg 300w, https:\/\/bergers-schlagerparadies.de\/wp-content\/uploads\/2022\/04\/Wind-Geh-aus-meinem-Kopf-1024x1024.jpg 1024w, https:\/\/bergers-schlagerparadies.de\/wp-content\/uploads\/2022\/04\/Wind-Geh-aus-meinem-Kopf-150x150.jpg 150w, https:\/\/bergers-schlagerparadies.de\/wp-content\/uploads\/2022\/04\/Wind-Geh-aus-meinem-Kopf-768x768.jpg 768w, https:\/\/bergers-schlagerparadies.de\/wp-content\/uploads\/2022\/04\/Wind-Geh-aus-meinem-Kopf-1536x1536.jpg 1536w, https:\/\/bergers-schlagerparadies.de\/wp-content\/uploads\/2022\/04\/Wind-Geh-aus-meinem-Kopf-2048x2048.jpg 2048w, https:\/\/bergers-schlagerparadies.de\/wp-content\/uploads\/2022\/04\/Wind-Geh-aus-meinem-Kopf-1200x1200.jpg 1200w, https:\/\/bergers-schlagerparadies.de\/wp-content\/uploads\/2022\/04\/Wind-Geh-aus-meinem-Kopf-1188x1188.jpg 1188w, https:\/\/bergers-schlagerparadies.de\/wp-content\/uploads\/2022\/04\/Wind-Geh-aus-meinem-Kopf-100x100.jpg 100w, https:\/\/bergers-schlagerparadies.de\/wp-content\/uploads\/2022\/04\/Wind-Geh-aus-meinem-Kopf-1320x1320.jpg 1320w\" sizes=\"auto, (max-width: 300px) 100vw, 300px\" \/>\u201eGeh&#8216; aus meinem Kopf\u201c ist die zweite Singleauskopplung aus dem kommenden neuen Album \u201eStartbereit\u201c (V\u00d6 13.05.2022). Der fr\u00f6hliche Nachfolger der erfolgreichen ersten Single \u201eDas beste Gef\u00fchl\u201c kommt mit einem &#8211; nicht ganz unbekannten &#8211; kr\u00e4ftigem Groove und sehr eing\u00e4ngiger Melodie daher. \u201eGeh&#8216; aus meinem Kopf, da will jetzt jemand anderes rein&#8230;\u201c lautet die Zeile, die auf humorvolle Weise das \u201eDilemma\u201c eines Beziehungs-Aus thematisiert, bei dem einer der beiden Partner einfach nicht dr\u00fcber hinwegkommt. Mit ihrer neuen Single l\u00e4utet die Gruppe WIND fr\u00fchzeitig den Sommer 2022 ein. Der Titel zeigt, welche musikalische Vielfalt vom neuen Album zu erwarten ist. \u201eGeh&#8216; aus meinem Kopf\u201c stammt &#8211; so wie das gesamte neue Album &#8211; aus der Feder von Andreas Lebbing, Alexander Menke und Carolin Fr\u00f6lian. WIND beweisen einmal mehr ihre musikalische Bandbreite und die F\u00e4higkeit, die unterschiedlichsten Themen in ihren Songs aufgreifen zu k\u00f6nnen. Bereit f\u00fcr einen echten Ohrwurm? Hier kommt \u201eGeh&#8216; aus meinem Kopf\u201c&#8230;<\/p>\n<p>Homepage: https:\/\/gruppewind.de<br \/>\nFacebook: https:\/\/www.facebook.com\/gruppewind\/<br \/>\nInstagram: https:\/\/www.instagram.com\/gruppewind\/<\/p>\n<p><span style=\"color: #800000;\"><strong>Dieser Song ist ab dem 29.04.2022 in allen bekannten Onlineshops erh\u00e4ltlich!<\/strong><\/span><\/p>\n<p><span style=\"color: #800000;\"><strong>Airdate (f\u00fcr Radiosender): 29.04.2022<\/strong><\/span><\/p>\n","protected":false},"excerpt":{"rendered":"<p>\u201eGeh&#8216; aus meinem Kopf\u201c ist die zweite Singleauskopplung aus dem kommenden neuen Album \u201eStartbereit\u201c (V\u00d6 13.05.2022). Der fr\u00f6hliche Nachfolger der erfolgreichen ersten Single \u201eDas beste Gef\u00fchl\u201c kommt mit einem &#8211; nicht ganz unbekannten &#8211; kr\u00e4ftigem Groove und sehr eing\u00e4ngiger Melodie daher. \u201eGeh&#8216; aus meinem Kopf, da will jetzt jemand anderes rein&#8230;\u201c lautet die Zeile, die auf humorvolle Weise das \u201eDilemma\u201c eines Beziehungs-Aus thematisiert, bei dem einer der beiden Partner einfach nicht dr\u00fcber hinwegkommt. Mit ihrer neuen Single l\u00e4utet die Gruppe WIND fr\u00fchzeitig den Sommer 2022 ein. Der Titel zeigt, welche musikalische Vielfalt vom neuen Album zu erwarten ist. \u201eGeh&#8216; aus meinem Kopf\u201c stammt &#8211; so&#8230;<\/p>\n","protected":false},"author":1,"featured_media":10600,"comment_status":"closed","ping_status":"closed","sticky":false,"template":"","format":"standard","meta":{"footnotes":""},"categories":[2],"tags":[776],"class_list":["post-10598","post","type-post","status-publish","format-standard","has-post-thumbnail","hentry","category-schlager","tag-wind","wpcat-2-id"],"_links":{"self":[{"href":"https:\/\/bergers-schlagerparadies.de\/index.php?rest_route=\/wp\/v2\/posts\/10598","targetHints":{"allow":["GET"]}}],"collection":[{"href":"https:\/\/bergers-schlagerparadies.de\/index.php?rest_route=\/wp\/v2\/posts"}],"about":[{"href":"https:\/\/bergers-schlagerparadies.de\/index.php?rest_route=\/wp\/v2\/types\/post"}],"author":[{"embeddable":true,"href":"https:\/\/bergers-schlagerparadies.de\/index.php?rest_route=\/wp\/v2\/users\/1"}],"replies":[{"embeddable":true,"href":"https:\/\/bergers-schlagerparadies.de\/index.php?rest_route=%2Fwp%2Fv2%2Fcomments&post=10598"}],"version-history":[{"count":1,"href":"https:\/\/bergers-schlagerparadies.de\/index.php?rest_route=\/wp\/v2\/posts\/10598\/revisions"}],"predecessor-version":[{"id":10601,"href":"https:\/\/bergers-schlagerparadies.de\/index.php?rest_route=\/wp\/v2\/posts\/10598\/revisions\/10601"}],"wp:featuredmedia":[{"embeddable":true,"href":"https:\/\/bergers-schlagerparadies.de\/index.php?rest_route=\/wp\/v2\/media\/10600"}],"wp:attachment":[{"href":"https:\/\/bergers-schlagerparadies.de\/index.php?rest_route=%2Fwp%2Fv2%2Fmedia&parent=10598"}],"wp:term":[{"taxonomy":"category","embeddable":true,"href":"https:\/\/bergers-schlagerparadies.de\/index.php?rest_route=%2Fwp%2Fv2%2Fcategories&post=10598"},{"taxonomy":"post_tag","embeddable":true,"href":"https:\/\/bergers-schlagerparadies.de\/index.php?rest_route=%2Fwp%2Fv2%2Ftags&post=10598"}],"curies":[{"name":"wp","href":"https:\/\/api.w.org\/{rel}","templated":true}]}}