{"id":10586,"date":"2022-04-29T14:57:53","date_gmt":"2022-04-29T12:57:53","guid":{"rendered":"http:\/\/bergers-schlagerparadies.de\/?p=10586"},"modified":"2022-04-29T14:57:53","modified_gmt":"2022-04-29T12:57:53","slug":"luna-klee-dein-blick-your-eyes-%c2%b7-bergers-schlagerparadies","status":"publish","type":"post","link":"https:\/\/bergers-schlagerparadies.de\/?p=10586","title":{"rendered":"Luna Klee &#8211; Dein Blick (Your Eyes) \u00b7 Berger\u00b4s Schlagerparadies"},"content":{"rendered":"<p><img loading=\"lazy\" decoding=\"async\" class=\"size-medium wp-image-10588 alignleft\" src=\"https:\/\/bergers-schlagerparadies.de\/wp-content\/uploads\/2022\/04\/Luna-Klee-Dein-Blick-Your-Eyes-300x300.jpg\" alt=\"\" width=\"300\" height=\"300\" srcset=\"https:\/\/bergers-schlagerparadies.de\/wp-content\/uploads\/2022\/04\/Luna-Klee-Dein-Blick-Your-Eyes-300x300.jpg 300w, https:\/\/bergers-schlagerparadies.de\/wp-content\/uploads\/2022\/04\/Luna-Klee-Dein-Blick-Your-Eyes-1024x1024.jpg 1024w, https:\/\/bergers-schlagerparadies.de\/wp-content\/uploads\/2022\/04\/Luna-Klee-Dein-Blick-Your-Eyes-150x150.jpg 150w, https:\/\/bergers-schlagerparadies.de\/wp-content\/uploads\/2022\/04\/Luna-Klee-Dein-Blick-Your-Eyes-768x768.jpg 768w, https:\/\/bergers-schlagerparadies.de\/wp-content\/uploads\/2022\/04\/Luna-Klee-Dein-Blick-Your-Eyes-1200x1200.jpg 1200w, https:\/\/bergers-schlagerparadies.de\/wp-content\/uploads\/2022\/04\/Luna-Klee-Dein-Blick-Your-Eyes-1188x1188.jpg 1188w, https:\/\/bergers-schlagerparadies.de\/wp-content\/uploads\/2022\/04\/Luna-Klee-Dein-Blick-Your-Eyes-100x100.jpg 100w, https:\/\/bergers-schlagerparadies.de\/wp-content\/uploads\/2022\/04\/Luna-Klee-Dein-Blick-Your-Eyes-1320x1320.jpg 1320w, https:\/\/bergers-schlagerparadies.de\/wp-content\/uploads\/2022\/04\/Luna-Klee-Dein-Blick-Your-Eyes.jpg 1440w\" sizes=\"auto, (max-width: 300px) 100vw, 300px\" \/>Moment mal\u2026 ist das nicht diese Melodie, bei der sich Sophie Marceau und Pierre Cosso so tief in die Augen geschaut haben? Und dazu dieses Meer an Feuerzeugen?<\/p>\n<p>Als &#8222;La Boum 2&#8220; vor genau 40 Jahren in den Kinos lief, war Luna Klee noch nicht geboren. Noch lange nicht. Auch die Eltern der heute 16-J\u00e4hrigen waren noch Knirpse. Aber manche Dinge, die besonders (und) sch\u00f6n sind, haben ja eine l\u00e4ngere Lebensdauer. Irgendwann liefen die &#8222;La Boum&#8220;-Filme im Klee-Haus und wurden zu Lieblingsfilmen \u2013 inklusive der hinrei\u00dfenden Musik\u2026<\/p>\n<p>Sommer 2021. Die Super-Illu, eine der gr\u00f6\u00dften und relevantesten Zeitschriften Deutschlands, schreibt einen Wettbewerb aus. Gesucht wird der Schlagerstar von morgen. Zahlreiche Talente bewerben sich. In der Jury, vor der im November 2021 in den Berliner Hansa-Studios die Besten live vorsingen d\u00fcrfen, sitzen neben Macher*innen der Musikbranche auch die Schlagerlegenden Ute Freudenberg und Bernhard Brink sowie Textdichter Tobias Reitz (Helene Fischer, KLUBBB3, Hape Kerkeling). Am Ende ist es mit Luna die j\u00fcngste Teilnehmerin, die das Herz von allen gewinnt! &#8222;Luna hat eine wunderbare Nat\u00fcrlichkeit und einen Wiedererkennungswert in der Stimme&#8220;, sagt Ute Freudenberg der anwesenden Presse, &#8222;da stimmt einfach das Gesamtpaket.&#8220; Und Schlagertitan Bernhard Brink erg\u00e4nzt: &#8222;Sie ist frisch und eloquent und sie hat einfach gut gesungen.&#8220; \u2013 &#8222;Ich glaube, wir haben sie alle vom ersten Moment an liebgewonnen&#8220;, schw\u00e4rmt Tobias Reitz, der sie gemeinsam mit Labelpartner Alexander Dimitrov sofort unter Vertrag nimmt. &#8222;Ich freue mich, dass wir jetzt mit ihr an der Karriere als S\u00e4ngerin feilen k\u00f6nnen. Luna ist ein Naturtalent, wie man sie nicht alle Tage findet.&#8220;<\/p>\n<p>Lunas erstes Album &#8222;Mein Kopf, mein Bauch, mein Herz&#8220; ist so gut wie im Kasten und soll in K\u00fcrze erscheinen. Daf\u00fcr komponiert haben die Besten der Branche \u2013 von Jean Frankfurter \u00fcber Ali Zuckowski bis Jonathan Zelter! F\u00fcr die Produktion sorgt das Dreamteam Gerd Jakobs\/Tobias Reitz. Eine Ver\u00f6ffentlichung, auf die man \u00e4u\u00dferst gespannt sein darf!<\/p>\n<p>&#8222;Dein Blick (Your Eyes)&#8220; ist der erste Vorbote aus diesem Album. Eigentlich eine Ballade, eine hochemotionale noch dazu, kommt die deutsche Antwort darauf frisch rhythmisiert daher und verleiht der Komposition von Filmmusiklegende Vladimir Cosma eine ungeahnte Frische. &#8222;Dein Blick (Your Eyes)&#8220; wurde Luna Klee von Tobias Reitz auf die Seele getextet und d\u00fcrfte ihr einen gl\u00fccklichen ersten Fr\u00fchling im Musikgesch\u00e4ft bescheren.<\/p>\n<p>Biografisches:<br \/>\nIhre ersten Schritte machte Luna in Sonneberg in Th\u00fcringen, wo sie die ersten Jahre aufwuchs. Schwimmabzeichen, erste Tanzschule, erste beste Freundin\u2026 Inzwischen lebt sie mit ihrer Familie in Coburg und geht dort zur Schule. Sie ist Sch\u00fclersprecherin, Leichtathletin und f\u00e4hrt seit ein paar Monaten Motorrad. Sie lernt Gitarre, Klavier und Cello spielen. &#8222;Ich hab zwei leibliche und zwei Pflegegeschwister, au\u00dferdem zogen vor ein paar Jahren meine Gro\u00dfeltern aus Brandenburg zu uns \u2013 und einen halben Zoo haben wir auch noch zu Hause&#8220; erz\u00e4hlt sie mit strahlenden Augen, &#8222;\u2026das ist meine Gro\u00dffamilie. Und die lieb ich \u00fcber alles!\u201c Die B\u00fchne kennt die im Dezember 2005 als Sch\u00fctze-Frau Geborene schon seit Kindertagen. Sie sammelte erste Erfahrungen im Ostermusical der Kirchengemeinde, bei dem sie seitdem Jahr f\u00fcr Jahr mitsingt. Sp\u00e4ter kamen Taufen und Hochzeiten dazu. Ihre Leidenschaft f\u00fcr die B\u00fchne wuchs und wuchs mit jedem Auftritt.<\/p>\n<p>Luna Klees Deb\u00fct-Single &#8222;Dein Blick (Your Eyes)&#8220; erscheint am 29.04.2022 bei TELAMO \/ Taxi28 Musik. Das Album &#8222;Mein Kopf, mein Bauch, mein Herz&#8220; erscheint in K\u00fcrze.<br \/>\nMehr Infos zur K\u00fcnstlerin unter www.luna-klee.de<\/p>\n<p>Das Video zur neuen Single \u201eDein Blick (Your Eyes)\u201c sehen Sie hier:<\/p>\n<p>Wenn Sie ein Video von TELAMO in Ihren Beitrag oder auf Ihre Homepage einbinden wollen, finden Sie alle Videos und die dazugeh\u00f6rigen Embedded Codes auf https:\/\/www.youtube.com\/schlagerfueralle.<\/p>\n<p>Ben\u00f6tigen Sie weiteres Pressematerial unserer K\u00fcnstler? Dann registrieren Sie sich bitte unter www.b2b-telamo.de.<\/p>\n<p>Kontakt TELAMO: presse@telamo.de<\/p>\n<p>K\u00fcnstler-Website: www.luna-klee.de<\/p>\n<p>&nbsp;<\/p>\n<p><span style=\"color: #800000;\"><strong>Dieser Song ist ab dem 29.04.2022 in allen bekannten Onlineshops erh\u00e4ltlich!<\/strong><\/span><\/p>\n<p><span style=\"color: #800000;\"><strong>Airdate (f\u00fcr Radiosender): 29.04.2022<\/strong><\/span><\/p>\n","protected":false},"excerpt":{"rendered":"<p>Moment mal\u2026 ist das nicht diese Melodie, bei der sich Sophie Marceau und Pierre Cosso so tief in die Augen geschaut haben? Und dazu dieses Meer an Feuerzeugen? Als &#8222;La Boum 2&#8220; vor genau 40 Jahren in den Kinos lief, war Luna Klee noch nicht geboren. Noch lange nicht. Auch die Eltern der heute 16-J\u00e4hrigen waren noch Knirpse. Aber manche Dinge, die besonders (und) sch\u00f6n sind, haben ja eine l\u00e4ngere Lebensdauer. Irgendwann liefen die &#8222;La Boum&#8220;-Filme im Klee-Haus und wurden zu Lieblingsfilmen \u2013 inklusive der hinrei\u00dfenden Musik\u2026 Sommer 2021. Die Super-Illu, eine der gr\u00f6\u00dften und relevantesten Zeitschriften Deutschlands, schreibt einen Wettbewerb aus. Gesucht wird der&#8230;<\/p>\n","protected":false},"author":1,"featured_media":10588,"comment_status":"closed","ping_status":"closed","sticky":false,"template":"","format":"standard","meta":{"footnotes":""},"categories":[2],"tags":[1294],"class_list":["post-10586","post","type-post","status-publish","format-standard","has-post-thumbnail","hentry","category-schlager","tag-luna-klee","wpcat-2-id"],"_links":{"self":[{"href":"https:\/\/bergers-schlagerparadies.de\/index.php?rest_route=\/wp\/v2\/posts\/10586","targetHints":{"allow":["GET"]}}],"collection":[{"href":"https:\/\/bergers-schlagerparadies.de\/index.php?rest_route=\/wp\/v2\/posts"}],"about":[{"href":"https:\/\/bergers-schlagerparadies.de\/index.php?rest_route=\/wp\/v2\/types\/post"}],"author":[{"embeddable":true,"href":"https:\/\/bergers-schlagerparadies.de\/index.php?rest_route=\/wp\/v2\/users\/1"}],"replies":[{"embeddable":true,"href":"https:\/\/bergers-schlagerparadies.de\/index.php?rest_route=%2Fwp%2Fv2%2Fcomments&post=10586"}],"version-history":[{"count":1,"href":"https:\/\/bergers-schlagerparadies.de\/index.php?rest_route=\/wp\/v2\/posts\/10586\/revisions"}],"predecessor-version":[{"id":10589,"href":"https:\/\/bergers-schlagerparadies.de\/index.php?rest_route=\/wp\/v2\/posts\/10586\/revisions\/10589"}],"wp:featuredmedia":[{"embeddable":true,"href":"https:\/\/bergers-schlagerparadies.de\/index.php?rest_route=\/wp\/v2\/media\/10588"}],"wp:attachment":[{"href":"https:\/\/bergers-schlagerparadies.de\/index.php?rest_route=%2Fwp%2Fv2%2Fmedia&parent=10586"}],"wp:term":[{"taxonomy":"category","embeddable":true,"href":"https:\/\/bergers-schlagerparadies.de\/index.php?rest_route=%2Fwp%2Fv2%2Fcategories&post=10586"},{"taxonomy":"post_tag","embeddable":true,"href":"https:\/\/bergers-schlagerparadies.de\/index.php?rest_route=%2Fwp%2Fv2%2Ftags&post=10586"}],"curies":[{"name":"wp","href":"https:\/\/api.w.org\/{rel}","templated":true}]}}