{"id":10554,"date":"2022-04-25T10:30:27","date_gmt":"2022-04-25T08:30:27","guid":{"rendered":"http:\/\/bergers-schlagerparadies.de\/?p=10554"},"modified":"2022-04-29T12:28:24","modified_gmt":"2022-04-29T10:28:24","slug":"celin-ray-wenn-die-sonne-erwacht-in-den-bergen-%c2%b7-bergers-schlagerparadies","status":"publish","type":"post","link":"https:\/\/bergers-schlagerparadies.de\/?p=10554","title":{"rendered":"CELIN &#038; RAY &#8211; Wenn die Sonne erwacht in den Bergen \u00b7 Berger\u00b4s Schlagerparadies"},"content":{"rendered":"<p><img loading=\"lazy\" decoding=\"async\" class=\"size-medium wp-image-10556 alignleft\" src=\"https:\/\/bergers-schlagerparadies.de\/wp-content\/uploads\/2022\/04\/CELIN-RAY-Wenn-die-Sonne-erwacht-in-den-Bergen-300x300.jpg\" alt=\"\" width=\"300\" height=\"300\" srcset=\"https:\/\/bergers-schlagerparadies.de\/wp-content\/uploads\/2022\/04\/CELIN-RAY-Wenn-die-Sonne-erwacht-in-den-Bergen-300x300.jpg 300w, https:\/\/bergers-schlagerparadies.de\/wp-content\/uploads\/2022\/04\/CELIN-RAY-Wenn-die-Sonne-erwacht-in-den-Bergen-1024x1024.jpg 1024w, https:\/\/bergers-schlagerparadies.de\/wp-content\/uploads\/2022\/04\/CELIN-RAY-Wenn-die-Sonne-erwacht-in-den-Bergen-150x150.jpg 150w, https:\/\/bergers-schlagerparadies.de\/wp-content\/uploads\/2022\/04\/CELIN-RAY-Wenn-die-Sonne-erwacht-in-den-Bergen-768x768.jpg 768w, https:\/\/bergers-schlagerparadies.de\/wp-content\/uploads\/2022\/04\/CELIN-RAY-Wenn-die-Sonne-erwacht-in-den-Bergen.jpg 1200w, https:\/\/bergers-schlagerparadies.de\/wp-content\/uploads\/2022\/04\/CELIN-RAY-Wenn-die-Sonne-erwacht-in-den-Bergen-1188x1188.jpg 1188w, https:\/\/bergers-schlagerparadies.de\/wp-content\/uploads\/2022\/04\/CELIN-RAY-Wenn-die-Sonne-erwacht-in-den-Bergen-100x100.jpg 100w\" sizes=\"auto, (max-width: 300px) 100vw, 300px\" \/>Wenn die Sonne erwacht in den Bergen&#8220; ist die erste Cover Nummer von Celin &amp; Ray. Beide waren sich sofort einig dass der ehemalige Erfolgschart &#8211; Hit aus den 70er Jahren &#8222;ihr&#8220; Lied werden soll. Ganz im Stil ihres Duo-Sounds und doch irgendwie nah an den Siebzigern gelang den Beiden die perfekte Mischung. Ebenso perfekt harmonieren ihre beiden Stimmen miteinander und man kann ihre Liebe zu diesem Song deutlich h\u00f6ren<\/p>\n<p>&nbsp;<\/p>\n<p>&nbsp;<\/p>\n<p>&nbsp;<\/p>\n<p><span style=\"color: #800000;\"><strong>Dieser Song ist ab dem 29.04.2022 in allen bekannten Onlineshops erh\u00e4ltlich!<\/strong><\/span><\/p>\n<p><span style=\"color: #800000;\"><strong>Airdate (f\u00fcr Radiosender): 29.04.2022<\/strong><\/span><\/p>\n","protected":false},"excerpt":{"rendered":"<p>Wenn die Sonne erwacht in den Bergen&#8220; ist die erste Cover Nummer von Celin &amp; Ray. Beide waren sich sofort einig dass der ehemalige Erfolgschart &#8211; Hit aus den 70er Jahren &#8222;ihr&#8220; Lied werden soll. Ganz im Stil ihres Duo-Sounds und doch irgendwie nah an den Siebzigern gelang den Beiden die perfekte Mischung. Ebenso perfekt harmonieren ihre beiden Stimmen miteinander und man kann ihre Liebe zu diesem Song deutlich h\u00f6ren &nbsp; &nbsp; &nbsp; Dieser Song ist ab dem 29.04.2022 in allen bekannten Onlineshops erh\u00e4ltlich! Airdate (f\u00fcr Radiosender): 29.04.2022<\/p>\n","protected":false},"author":1,"featured_media":10556,"comment_status":"closed","ping_status":"closed","sticky":false,"template":"","format":"standard","meta":{"footnotes":""},"categories":[2],"tags":[1290],"class_list":["post-10554","post","type-post","status-publish","format-standard","has-post-thumbnail","hentry","category-schlager","tag-celin-ray","wpcat-2-id"],"_links":{"self":[{"href":"https:\/\/bergers-schlagerparadies.de\/index.php?rest_route=\/wp\/v2\/posts\/10554","targetHints":{"allow":["GET"]}}],"collection":[{"href":"https:\/\/bergers-schlagerparadies.de\/index.php?rest_route=\/wp\/v2\/posts"}],"about":[{"href":"https:\/\/bergers-schlagerparadies.de\/index.php?rest_route=\/wp\/v2\/types\/post"}],"author":[{"embeddable":true,"href":"https:\/\/bergers-schlagerparadies.de\/index.php?rest_route=\/wp\/v2\/users\/1"}],"replies":[{"embeddable":true,"href":"https:\/\/bergers-schlagerparadies.de\/index.php?rest_route=%2Fwp%2Fv2%2Fcomments&post=10554"}],"version-history":[{"count":1,"href":"https:\/\/bergers-schlagerparadies.de\/index.php?rest_route=\/wp\/v2\/posts\/10554\/revisions"}],"predecessor-version":[{"id":10557,"href":"https:\/\/bergers-schlagerparadies.de\/index.php?rest_route=\/wp\/v2\/posts\/10554\/revisions\/10557"}],"wp:featuredmedia":[{"embeddable":true,"href":"https:\/\/bergers-schlagerparadies.de\/index.php?rest_route=\/wp\/v2\/media\/10556"}],"wp:attachment":[{"href":"https:\/\/bergers-schlagerparadies.de\/index.php?rest_route=%2Fwp%2Fv2%2Fmedia&parent=10554"}],"wp:term":[{"taxonomy":"category","embeddable":true,"href":"https:\/\/bergers-schlagerparadies.de\/index.php?rest_route=%2Fwp%2Fv2%2Fcategories&post=10554"},{"taxonomy":"post_tag","embeddable":true,"href":"https:\/\/bergers-schlagerparadies.de\/index.php?rest_route=%2Fwp%2Fv2%2Ftags&post=10554"}],"curies":[{"name":"wp","href":"https:\/\/api.w.org\/{rel}","templated":true}]}}