{"id":10546,"date":"2022-05-02T10:30:14","date_gmt":"2022-05-02T08:30:14","guid":{"rendered":"http:\/\/bergers-schlagerparadies.de\/?p=10546"},"modified":"2022-04-29T12:00:02","modified_gmt":"2022-04-29T10:00:02","slug":"steffen-sturm-hoer-wieder-auf-dein-herz-%c2%b7-bergers-schlagerparadies","status":"publish","type":"post","link":"https:\/\/bergers-schlagerparadies.de\/?p=10546","title":{"rendered":"Steffen Sturm &#8211; H\u00f6r wieder auf dein Herz \u00b7 Berger\u00b4s Schlagerparadies"},"content":{"rendered":"<p><img loading=\"lazy\" decoding=\"async\" class=\"size-medium wp-image-10548 alignleft\" src=\"https:\/\/bergers-schlagerparadies.de\/wp-content\/uploads\/2022\/04\/Steffen-Sturm-Hoer-wieder-auf-dein-Herz-300x300.jpg\" alt=\"\" width=\"300\" height=\"300\" srcset=\"https:\/\/bergers-schlagerparadies.de\/wp-content\/uploads\/2022\/04\/Steffen-Sturm-Hoer-wieder-auf-dein-Herz-300x300.jpg 300w, https:\/\/bergers-schlagerparadies.de\/wp-content\/uploads\/2022\/04\/Steffen-Sturm-Hoer-wieder-auf-dein-Herz-1024x1024.jpg 1024w, https:\/\/bergers-schlagerparadies.de\/wp-content\/uploads\/2022\/04\/Steffen-Sturm-Hoer-wieder-auf-dein-Herz-150x150.jpg 150w, https:\/\/bergers-schlagerparadies.de\/wp-content\/uploads\/2022\/04\/Steffen-Sturm-Hoer-wieder-auf-dein-Herz-768x768.jpg 768w, https:\/\/bergers-schlagerparadies.de\/wp-content\/uploads\/2022\/04\/Steffen-Sturm-Hoer-wieder-auf-dein-Herz-1200x1200.jpg 1200w, https:\/\/bergers-schlagerparadies.de\/wp-content\/uploads\/2022\/04\/Steffen-Sturm-Hoer-wieder-auf-dein-Herz-1188x1188.jpg 1188w, https:\/\/bergers-schlagerparadies.de\/wp-content\/uploads\/2022\/04\/Steffen-Sturm-Hoer-wieder-auf-dein-Herz-100x100.jpg 100w, https:\/\/bergers-schlagerparadies.de\/wp-content\/uploads\/2022\/04\/Steffen-Sturm-Hoer-wieder-auf-dein-Herz-1320x1320.jpg 1320w, https:\/\/bergers-schlagerparadies.de\/wp-content\/uploads\/2022\/04\/Steffen-Sturm-Hoer-wieder-auf-dein-Herz.jpg 1500w\" sizes=\"auto, (max-width: 300px) 100vw, 300px\" \/>Als Teil des Schlagerduos Lehmann &amp; Sturm ersang er sich erste Charterfolge, jetzt wandelt Steffen Sturm auf Solopfaden. Und das bereits recht erfolgreich: Denn nachdem \u201eIm Schatten der Nacht\u201c noch vor Ver\u00f6ffentlichung im SWR4 vorgestellt wurde, stand das Handy nicht mehr still bei dem sympathischen S\u00e4nger aus Crailsheim \u201eDamit h\u00e4tte ich nicht gerechnet\u201c, freut sich Steffen. Auch live bei der Winnender Schlagernacht (mit u.a. Prince Damien) kam die Nummer gut an und so ist es nicht verwunderlich, dass der studierte Schlagzeuglehrer nun nachlegt:<\/p>\n<p>Seine selbstgeschriebene Single &#8222;H\u00f6r wieder auf dein Herz&#8220; besticht durch eine lockere Gute-Laune-Melodie mit leicht melancholischem Unterton. Ein Gegensatz? Ganz und gar nicht!<\/p>\n<p>Hier geht es darum, daran zu glauben, dass ganz egal, was im Leben kommt und einem passieren mag, es eine M\u00f6glichkeit gibt, die Dinge zum Positiven zu wenden. Indem man auf sein Herz h\u00f6rt, seinen Gef\u00fchlen vertraut und das Sch\u00f6ne im Leben entdeckt.<\/p>\n<p><span style=\"color: #800000;\"><strong>Dieser Song ist ab dem 06.05.2022 in allen bekannten Onlineshops erh\u00e4ltlich!<\/strong><\/span><\/p>\n<p><span style=\"color: #800000;\"><strong>Airdate (f\u00fcr Radiosender): 06.05.2022<\/strong><\/span><\/p>\n","protected":false},"excerpt":{"rendered":"<p>Als Teil des Schlagerduos Lehmann &amp; Sturm ersang er sich erste Charterfolge, jetzt wandelt Steffen Sturm auf Solopfaden. Und das bereits recht erfolgreich: Denn nachdem \u201eIm Schatten der Nacht\u201c noch vor Ver\u00f6ffentlichung im SWR4 vorgestellt wurde, stand das Handy nicht mehr still bei dem sympathischen S\u00e4nger aus Crailsheim \u201eDamit h\u00e4tte ich nicht gerechnet\u201c, freut sich Steffen. Auch live bei der Winnender Schlagernacht (mit u.a. Prince Damien) kam die Nummer gut an und so ist es nicht verwunderlich, dass der studierte Schlagzeuglehrer nun nachlegt: Seine selbstgeschriebene Single &#8222;H\u00f6r wieder auf dein Herz&#8220; besticht durch eine lockere Gute-Laune-Melodie mit leicht melancholischem Unterton. Ein Gegensatz? Ganz und gar&#8230;<\/p>\n","protected":false},"author":1,"featured_media":10548,"comment_status":"closed","ping_status":"closed","sticky":false,"template":"","format":"standard","meta":{"footnotes":""},"categories":[2],"tags":[1238],"class_list":["post-10546","post","type-post","status-publish","format-standard","has-post-thumbnail","hentry","category-schlager","tag-steffen-sturm","wpcat-2-id"],"_links":{"self":[{"href":"https:\/\/bergers-schlagerparadies.de\/index.php?rest_route=\/wp\/v2\/posts\/10546","targetHints":{"allow":["GET"]}}],"collection":[{"href":"https:\/\/bergers-schlagerparadies.de\/index.php?rest_route=\/wp\/v2\/posts"}],"about":[{"href":"https:\/\/bergers-schlagerparadies.de\/index.php?rest_route=\/wp\/v2\/types\/post"}],"author":[{"embeddable":true,"href":"https:\/\/bergers-schlagerparadies.de\/index.php?rest_route=\/wp\/v2\/users\/1"}],"replies":[{"embeddable":true,"href":"https:\/\/bergers-schlagerparadies.de\/index.php?rest_route=%2Fwp%2Fv2%2Fcomments&post=10546"}],"version-history":[{"count":1,"href":"https:\/\/bergers-schlagerparadies.de\/index.php?rest_route=\/wp\/v2\/posts\/10546\/revisions"}],"predecessor-version":[{"id":10549,"href":"https:\/\/bergers-schlagerparadies.de\/index.php?rest_route=\/wp\/v2\/posts\/10546\/revisions\/10549"}],"wp:featuredmedia":[{"embeddable":true,"href":"https:\/\/bergers-schlagerparadies.de\/index.php?rest_route=\/wp\/v2\/media\/10548"}],"wp:attachment":[{"href":"https:\/\/bergers-schlagerparadies.de\/index.php?rest_route=%2Fwp%2Fv2%2Fmedia&parent=10546"}],"wp:term":[{"taxonomy":"category","embeddable":true,"href":"https:\/\/bergers-schlagerparadies.de\/index.php?rest_route=%2Fwp%2Fv2%2Fcategories&post=10546"},{"taxonomy":"post_tag","embeddable":true,"href":"https:\/\/bergers-schlagerparadies.de\/index.php?rest_route=%2Fwp%2Fv2%2Ftags&post=10546"}],"curies":[{"name":"wp","href":"https:\/\/api.w.org\/{rel}","templated":true}]}}