{"id":10509,"date":"2022-07-04T10:30:30","date_gmt":"2022-07-04T08:30:30","guid":{"rendered":"http:\/\/bergers-schlagerparadies.de\/?p=10509"},"modified":"2022-04-27T20:33:20","modified_gmt":"2022-04-27T18:33:20","slug":"linda-faeh-federleicht-album-%c2%b7-bergers-schlagerparadies","status":"publish","type":"post","link":"https:\/\/bergers-schlagerparadies.de\/?p=10509","title":{"rendered":"Linda F\u00e4h &#8211; Federleicht (Album) \u00b7 Berger\u00b4s Schlagerparadies"},"content":{"rendered":"<div class=\"cxmmr5t8 oygrvhab hcukyx3x c1et5uql o9v6fnle ii04i59q\">\n<div dir=\"auto\"><img loading=\"lazy\" decoding=\"async\" class=\"size-medium wp-image-10511 alignleft\" src=\"https:\/\/bergers-schlagerparadies.de\/wp-content\/uploads\/2022\/04\/Linda-Faeh-Federleicht-Album-300x300.jpg\" alt=\"\" width=\"300\" height=\"300\" srcset=\"https:\/\/bergers-schlagerparadies.de\/wp-content\/uploads\/2022\/04\/Linda-Faeh-Federleicht-Album-300x300.jpg 300w, https:\/\/bergers-schlagerparadies.de\/wp-content\/uploads\/2022\/04\/Linda-Faeh-Federleicht-Album-1024x1024.jpg 1024w, https:\/\/bergers-schlagerparadies.de\/wp-content\/uploads\/2022\/04\/Linda-Faeh-Federleicht-Album-150x150.jpg 150w, https:\/\/bergers-schlagerparadies.de\/wp-content\/uploads\/2022\/04\/Linda-Faeh-Federleicht-Album-768x768.jpg 768w, https:\/\/bergers-schlagerparadies.de\/wp-content\/uploads\/2022\/04\/Linda-Faeh-Federleicht-Album-1200x1200.jpg 1200w, https:\/\/bergers-schlagerparadies.de\/wp-content\/uploads\/2022\/04\/Linda-Faeh-Federleicht-Album-1188x1188.jpg 1188w, https:\/\/bergers-schlagerparadies.de\/wp-content\/uploads\/2022\/04\/Linda-Faeh-Federleicht-Album-100x100.jpg 100w, https:\/\/bergers-schlagerparadies.de\/wp-content\/uploads\/2022\/04\/Linda-Faeh-Federleicht-Album-1320x1320.jpg 1320w, https:\/\/bergers-schlagerparadies.de\/wp-content\/uploads\/2022\/04\/Linda-Faeh-Federleicht-Album.jpg 1400w\" sizes=\"auto, (max-width: 300px) 100vw, 300px\" \/>Das f\u00fcnfte Album der Schweizer Schlagerfee <span class=\"nc684nl6\">Linda F\u00e4h<\/span> und federleicht singt sie so sch\u00f6ne Titel wie \u00abIch liebe Rom\u00bb, \u00abSo schwer verliebt\u00bb oder \u00abWorte aus den Wolken\u00bb.<\/div>\n<\/div>\n<div class=\"cxmmr5t8 oygrvhab hcukyx3x c1et5uql o9v6fnle ii04i59q\">\n<div dir=\"auto\">15 ph\u00e4nomenale Titel und die so noch nie geh\u00f6rte Version des Hits \u00abBlue Bayou\u00bb machen eines klar: Linda F\u00e4h, bekannt durch TV und die XXL Tournee DAS SCHLAGERFEST, kommt hier mit einem enorm starken Album in ihrer Karriere heraus.<\/div>\n<\/div>\n<div class=\"cxmmr5t8 oygrvhab hcukyx3x c1et5uql o9v6fnle ii04i59q\">\n<div dir=\"auto\">Nat\u00fcrlich inklusive dem Duett \u00abMorgenkaffee\u00bb, im M\u00e4rz 2022 gesehen und geh\u00f6rt in der Ross Antony Show auf MDR und SWR.<\/div>\n<\/div>\n<div dir=\"auto\"><\/div>\n<div dir=\"auto\"><\/div>\n<div dir=\"auto\"><\/div>\n<div dir=\"auto\"><span style=\"color: #800000;\"><strong>Dieses Album ist ab dem 08.07.2022 in allen bekannten Onlineshops erh\u00e4ltlich!<\/strong><\/span><\/p>\n<p><span style=\"color: #800000;\"><strong>Airdate (f\u00fcr Radiosender): 08.07.2022<\/strong><\/span><\/div>\n","protected":false},"excerpt":{"rendered":"<p>Das f\u00fcnfte Album der Schweizer Schlagerfee Linda F\u00e4h und federleicht singt sie so sch\u00f6ne Titel wie \u00abIch liebe Rom\u00bb, \u00abSo schwer verliebt\u00bb oder \u00abWorte aus den Wolken\u00bb. 15 ph\u00e4nomenale Titel und die so noch nie geh\u00f6rte Version des Hits \u00abBlue Bayou\u00bb machen eines klar: Linda F\u00e4h, bekannt durch TV und die XXL Tournee DAS SCHLAGERFEST, kommt hier mit einem enorm starken Album in ihrer Karriere heraus. Nat\u00fcrlich inklusive dem Duett \u00abMorgenkaffee\u00bb, im M\u00e4rz 2022 gesehen und geh\u00f6rt in der Ross Antony Show auf MDR und SWR. Dieses Album ist ab dem 08.07.2022 in allen bekannten Onlineshops erh\u00e4ltlich! Airdate (f\u00fcr Radiosender): 08.07.2022<\/p>\n","protected":false},"author":1,"featured_media":10511,"comment_status":"closed","ping_status":"closed","sticky":false,"template":"","format":"standard","meta":{"footnotes":""},"categories":[2],"tags":[1018],"class_list":["post-10509","post","type-post","status-publish","format-standard","has-post-thumbnail","hentry","category-schlager","tag-linda-faeh","wpcat-2-id"],"_links":{"self":[{"href":"https:\/\/bergers-schlagerparadies.de\/index.php?rest_route=\/wp\/v2\/posts\/10509","targetHints":{"allow":["GET"]}}],"collection":[{"href":"https:\/\/bergers-schlagerparadies.de\/index.php?rest_route=\/wp\/v2\/posts"}],"about":[{"href":"https:\/\/bergers-schlagerparadies.de\/index.php?rest_route=\/wp\/v2\/types\/post"}],"author":[{"embeddable":true,"href":"https:\/\/bergers-schlagerparadies.de\/index.php?rest_route=\/wp\/v2\/users\/1"}],"replies":[{"embeddable":true,"href":"https:\/\/bergers-schlagerparadies.de\/index.php?rest_route=%2Fwp%2Fv2%2Fcomments&post=10509"}],"version-history":[{"count":1,"href":"https:\/\/bergers-schlagerparadies.de\/index.php?rest_route=\/wp\/v2\/posts\/10509\/revisions"}],"predecessor-version":[{"id":10513,"href":"https:\/\/bergers-schlagerparadies.de\/index.php?rest_route=\/wp\/v2\/posts\/10509\/revisions\/10513"}],"wp:featuredmedia":[{"embeddable":true,"href":"https:\/\/bergers-schlagerparadies.de\/index.php?rest_route=\/wp\/v2\/media\/10511"}],"wp:attachment":[{"href":"https:\/\/bergers-schlagerparadies.de\/index.php?rest_route=%2Fwp%2Fv2%2Fmedia&parent=10509"}],"wp:term":[{"taxonomy":"category","embeddable":true,"href":"https:\/\/bergers-schlagerparadies.de\/index.php?rest_route=%2Fwp%2Fv2%2Fcategories&post=10509"},{"taxonomy":"post_tag","embeddable":true,"href":"https:\/\/bergers-schlagerparadies.de\/index.php?rest_route=%2Fwp%2Fv2%2Ftags&post=10509"}],"curies":[{"name":"wp","href":"https:\/\/api.w.org\/{rel}","templated":true}]}}