{"id":10424,"date":"2022-04-22T14:26:42","date_gmt":"2022-04-22T12:26:42","guid":{"rendered":"http:\/\/bergers-schlagerparadies.de\/?p=10424"},"modified":"2022-04-22T14:26:42","modified_gmt":"2022-04-22T12:26:42","slug":"julian-reim-ich-hab-dich-lieb-%c2%b7-bergers-schlagerparadies","status":"publish","type":"post","link":"https:\/\/bergers-schlagerparadies.de\/?p=10424","title":{"rendered":"Julian Reim &#8211; Ich Hab Dich Lieb \u00b7 Berger\u00b4s Schlagerparadies"},"content":{"rendered":"<p><img loading=\"lazy\" decoding=\"async\" class=\"size-medium wp-image-10426 alignleft\" src=\"https:\/\/bergers-schlagerparadies.de\/wp-content\/uploads\/2022\/04\/Julian-Reim-Ich-Hab-Dich-Lieb-300x300.jpg\" alt=\"\" width=\"300\" height=\"300\" srcset=\"https:\/\/bergers-schlagerparadies.de\/wp-content\/uploads\/2022\/04\/Julian-Reim-Ich-Hab-Dich-Lieb-300x300.jpg 300w, https:\/\/bergers-schlagerparadies.de\/wp-content\/uploads\/2022\/04\/Julian-Reim-Ich-Hab-Dich-Lieb-1024x1024.jpg 1024w, https:\/\/bergers-schlagerparadies.de\/wp-content\/uploads\/2022\/04\/Julian-Reim-Ich-Hab-Dich-Lieb-150x150.jpg 150w, https:\/\/bergers-schlagerparadies.de\/wp-content\/uploads\/2022\/04\/Julian-Reim-Ich-Hab-Dich-Lieb-768x768.jpg 768w, https:\/\/bergers-schlagerparadies.de\/wp-content\/uploads\/2022\/04\/Julian-Reim-Ich-Hab-Dich-Lieb.jpg 1200w, https:\/\/bergers-schlagerparadies.de\/wp-content\/uploads\/2022\/04\/Julian-Reim-Ich-Hab-Dich-Lieb-1188x1188.jpg 1188w, https:\/\/bergers-schlagerparadies.de\/wp-content\/uploads\/2022\/04\/Julian-Reim-Ich-Hab-Dich-Lieb-100x100.jpg 100w\" sizes=\"auto, (max-width: 300px) 100vw, 300px\" \/>Seit drei Jahren begeistert Julian Reim seine Fans mit tanzbaren Empowerment-Hymnen \u00fcber Liebe und Selbstliebe, Mut und Hoffnung \u2013 Themen, die den 25-j\u00e4hrigen S\u00e4nger und Musiker schon immer bewegt haben und die wohl noch nie so aktuell waren wie heute. Eine dringend n\u00f6tige, positive Botschaft, die Julian Reim auch mit seiner brandneuen Single \u201eIch Hab Dich Lieb\u201c transportiert, mit der er nun den n\u00e4chsten Vorboten auf sein Deb\u00fctalbum vorlegt!<\/p>\n<p>Oft braucht es eine ordentliche Portion Mut, sich seiner Umwelt zu \u00f6ffnen und \u00fcber die Dinge zu sprechen, die einem auf der Seele liegen. Doch Julian Reim hat sich noch nie davor gescheut, mit seinem Publikum genau das zu teilen, was in dem S\u00e4nger, Musiker und Produzenten vorgeht. Nach millionenfach gestreamten Singlehits wie \u201eGrau\u201c, \u201eEuphorie\u201c oder \u201eGravitation\u201c erscheint am 06.05.2022 endlich mit \u201eIn meinem Kopf\u201c sein lange erwartetes Deb\u00fctalbum. Verpackt in einen abwechslungsreichen Soundmix aus treibenden Uptempo-Nummern \u00fcber tanzbare Disco-Songs bis hin zu ber\u00fchrenden Balladen erz\u00e4hlt der 25-J\u00e4hrige von positiven und negativen Emotionen, die ihn in seinem bisherigen Leben begleitet haben und noch begleiten. Mit den 15 Songs auf \u201eIn meinem Kopf\u201c stellt Julian Reim seine ganz pers\u00f6nliche Vision von modernem, empowerndem Popschlager des Jahres 2022 vor.<\/p>\n<p>Seine neue Single hat Julian Reim all den Lieblingsmenschen in seinem Leben gewidmet, auf die sich der in Naples, Florida geborene S\u00e4nger immer verlassen kann: \u201eEs gibt einen riesigen Unterschied zwischen einem \u201eIch liebe dich\u201c und einem \u201eIch hab dich lieb\u201c. Dieser Song ist mein DANKE an die platonische Liebe.\u201c<\/p>\n<p>&nbsp;<\/p>\n<p><span style=\"color: #800000;\"><strong>Dieser Song ist ab dem 22.04.2022 in allen bekannten Onlineshops erh\u00e4ltlich!<\/strong><\/span><\/p>\n<p><span style=\"color: #800000;\"><strong>Airdate (f\u00fcr Radiosender): 22.04.2022<\/strong><\/span><\/p>\n","protected":false},"excerpt":{"rendered":"<p>Seit drei Jahren begeistert Julian Reim seine Fans mit tanzbaren Empowerment-Hymnen \u00fcber Liebe und Selbstliebe, Mut und Hoffnung \u2013 Themen, die den 25-j\u00e4hrigen S\u00e4nger und Musiker schon immer bewegt haben und die wohl noch nie so aktuell waren wie heute. Eine dringend n\u00f6tige, positive Botschaft, die Julian Reim auch mit seiner brandneuen Single \u201eIch Hab Dich Lieb\u201c transportiert, mit der er nun den n\u00e4chsten Vorboten auf sein Deb\u00fctalbum vorlegt! Oft braucht es eine ordentliche Portion Mut, sich seiner Umwelt zu \u00f6ffnen und \u00fcber die Dinge zu sprechen, die einem auf der Seele liegen. Doch Julian Reim hat sich noch nie davor gescheut, mit seinem Publikum&#8230;<\/p>\n","protected":false},"author":1,"featured_media":10426,"comment_status":"closed","ping_status":"closed","sticky":false,"template":"","format":"standard","meta":{"footnotes":""},"categories":[2],"tags":[96],"class_list":["post-10424","post","type-post","status-publish","format-standard","has-post-thumbnail","hentry","category-schlager","tag-julian-reim","wpcat-2-id"],"_links":{"self":[{"href":"https:\/\/bergers-schlagerparadies.de\/index.php?rest_route=\/wp\/v2\/posts\/10424","targetHints":{"allow":["GET"]}}],"collection":[{"href":"https:\/\/bergers-schlagerparadies.de\/index.php?rest_route=\/wp\/v2\/posts"}],"about":[{"href":"https:\/\/bergers-schlagerparadies.de\/index.php?rest_route=\/wp\/v2\/types\/post"}],"author":[{"embeddable":true,"href":"https:\/\/bergers-schlagerparadies.de\/index.php?rest_route=\/wp\/v2\/users\/1"}],"replies":[{"embeddable":true,"href":"https:\/\/bergers-schlagerparadies.de\/index.php?rest_route=%2Fwp%2Fv2%2Fcomments&post=10424"}],"version-history":[{"count":1,"href":"https:\/\/bergers-schlagerparadies.de\/index.php?rest_route=\/wp\/v2\/posts\/10424\/revisions"}],"predecessor-version":[{"id":10427,"href":"https:\/\/bergers-schlagerparadies.de\/index.php?rest_route=\/wp\/v2\/posts\/10424\/revisions\/10427"}],"wp:featuredmedia":[{"embeddable":true,"href":"https:\/\/bergers-schlagerparadies.de\/index.php?rest_route=\/wp\/v2\/media\/10426"}],"wp:attachment":[{"href":"https:\/\/bergers-schlagerparadies.de\/index.php?rest_route=%2Fwp%2Fv2%2Fmedia&parent=10424"}],"wp:term":[{"taxonomy":"category","embeddable":true,"href":"https:\/\/bergers-schlagerparadies.de\/index.php?rest_route=%2Fwp%2Fv2%2Fcategories&post=10424"},{"taxonomy":"post_tag","embeddable":true,"href":"https:\/\/bergers-schlagerparadies.de\/index.php?rest_route=%2Fwp%2Fv2%2Ftags&post=10424"}],"curies":[{"name":"wp","href":"https:\/\/api.w.org\/{rel}","templated":true}]}}