{"id":10389,"date":"2022-04-22T12:24:01","date_gmt":"2022-04-22T10:24:01","guid":{"rendered":"http:\/\/bergers-schlagerparadies.de\/?p=10389"},"modified":"2022-04-22T12:24:01","modified_gmt":"2022-04-22T10:24:01","slug":"linda-feller-peter-sebastian-ibiza-duett-edition-%c2%b7-bergers-schlagerparadies","status":"publish","type":"post","link":"https:\/\/bergers-schlagerparadies.de\/?p=10389","title":{"rendered":"Linda Feller &#038; Peter Sebastian &#8211; Ibiza (Duett Edition) \u00b7 Berger\u00b4s Schlagerparadies"},"content":{"rendered":"<p><img loading=\"lazy\" decoding=\"async\" class=\"size-medium wp-image-10391 alignleft\" src=\"https:\/\/bergers-schlagerparadies.de\/wp-content\/uploads\/2022\/04\/Linda-Feller-Peter-Sebastian-Ibiza-Duett-Edition-300x300.jpg\" alt=\"\" width=\"300\" height=\"300\" srcset=\"https:\/\/bergers-schlagerparadies.de\/wp-content\/uploads\/2022\/04\/Linda-Feller-Peter-Sebastian-Ibiza-Duett-Edition-300x300.jpg 300w, https:\/\/bergers-schlagerparadies.de\/wp-content\/uploads\/2022\/04\/Linda-Feller-Peter-Sebastian-Ibiza-Duett-Edition-1024x1024.jpg 1024w, https:\/\/bergers-schlagerparadies.de\/wp-content\/uploads\/2022\/04\/Linda-Feller-Peter-Sebastian-Ibiza-Duett-Edition-150x150.jpg 150w, https:\/\/bergers-schlagerparadies.de\/wp-content\/uploads\/2022\/04\/Linda-Feller-Peter-Sebastian-Ibiza-Duett-Edition-768x768.jpg 768w, https:\/\/bergers-schlagerparadies.de\/wp-content\/uploads\/2022\/04\/Linda-Feller-Peter-Sebastian-Ibiza-Duett-Edition-1200x1200.jpg 1200w, https:\/\/bergers-schlagerparadies.de\/wp-content\/uploads\/2022\/04\/Linda-Feller-Peter-Sebastian-Ibiza-Duett-Edition-1188x1188.jpg 1188w, https:\/\/bergers-schlagerparadies.de\/wp-content\/uploads\/2022\/04\/Linda-Feller-Peter-Sebastian-Ibiza-Duett-Edition-100x100.jpg 100w, https:\/\/bergers-schlagerparadies.de\/wp-content\/uploads\/2022\/04\/Linda-Feller-Peter-Sebastian-Ibiza-Duett-Edition-1320x1320.jpg 1320w, https:\/\/bergers-schlagerparadies.de\/wp-content\/uploads\/2022\/04\/Linda-Feller-Peter-Sebastian-Ibiza-Duett-Edition.jpg 1440w\" sizes=\"auto, (max-width: 300px) 100vw, 300px\" \/>Als im vergangenen Jahr in Berlin der traditionelle Schlager Olymp stattfand, waren nicht nur die Fans, sondern auch die K\u00fcnstler gl\u00fccklich: Endlich konnte der Schlager &#8222;Open Air&#8220; in Pandemiezeiten wieder mit den Fans gefeiert werden. Neben vielen anderen prominenten Stars wie RAMON ROSELLY, BERNHARD BRINK und NINO DE ANGELO war auch Mr. Gute Laune PETER SEBASTIAN dabei. Und der freute sich ganz besonders dar\u00fcber, dass seine liebe Kollegin LINDA FELLER ebenfalls im K\u00fcnstler-Line-up stand.<\/p>\n<p>Hinter den Kulissen kamen LINDA und PETER, beide seit vielen Jahrzehnten erfolgreich im Schlagergesch\u00e4ft unterwegs, ins Gespr\u00e4ch. Man unterhielt sich \u00fcber Gott und die Welt \u2013 und irgendwann kam die Rede auf einen Schlagerklassiker: \u201eIbiza\u201c von IBO. LINDA berichtete PETER zu dessen Erstaunen, dass auch dieser Song \u2013 wie viele andere Hits \u2013 seine Urspr\u00fcnge in der amerikanischen Country-Szene hat. EDDY RAVEN landete mit \u201eI Got Mexico\u201c einen Hit \u2013 im typischen Country-Style &#8211; das ist das internationale Original von &#8222;Ibiza&#8220;.<\/p>\n<p>Mitte der 1980er Jahre kam der geniale Wittener Schlagerproduzent WALTER GERKE auf die Idee, den Text einzudeutschen \u2013 und er machte es anders als sonst \u00fcblich: Textlich orientierte er sich durchaus am Original, musikalisch aber machte er f\u00fcr IBO daraus eine Discofox-Tanznummer, die sensationell einschlug und die deutschen Single-Charts eroberte.<\/p>\n<p>Das brachte LINDA FELLER &amp; PETER SEBASTIAN auf die Idee, doch mal die beiden Erfolgsversionen zu vereinen \u2013 als deutsche Version mit Country-Elementen. LINDA FELLER war davon sofort begeistert. Und da LINDA und PETER niemandem mehr etwas beweisen m\u00fcssen und gleichzeitig zu ihrem Wort stehen, haben sie sich nun tats\u00e4chlich getroffen, um dem Klassiker \u201eIbiza\u201c von IBO neues Leben einzuhauchen.<\/p>\n<p>LINDA hat mit dem neuen Party-Arrangement von \u201eIbiza\u201c \u00fcbrigens kein Problem. Sie verweist zurecht darauf, dass ja auch internationale Countrygr\u00f6\u00dfen wie DOLLY PARTON immer mal wieder gerne Ausfl\u00fcge in andere Genres machen. Warum also nicht mit Mr. Gute Laune PETER SEBASTIAN \u201eIbiza\u201c im neuen Partysound erklingen lassen? Wobei Country-Lady LINDA FELLER nat\u00fcrlich Wert darauf gelegt hat, dass zumindest Banjos im neuen Arrangement zu erklingen haben. Ganz ohne Country geht es dann doch nicht &#8211; und damit rannte sie bei PETER SEBASTIAN nat\u00fcrlich offene T\u00fcren ein, weil man dem Original ja auch eine Reminiszenz erweisen wollte.<\/p>\n<p>Und so begaben sich LINDA und PETER ins Grassgroof-Studio von CHRISTOPH LEIS-BENDORFF, dessen Namen manche Schlagerfans vielleicht nicht kennen \u2013 seine Stimme hingegen kennt wohl jeder Freund des Schlagers. Kaum ein Schlagersuperstar (HELENE FISCHER, ANDREA BERG, KERSTIN OTT, BEATRICE EGLI etc.), der nicht auf CHRISTOPH als Backgrounds\u00e4nger z\u00e4hlt. Und da CHRISTOPH schon seit vielen Jahren mit PETER und LINDA zusammenarbeiten \u2013 kein Wunder, dass der perfekte \u201eIbiza\u201c-Mix gefunden wurde. Man merkt der Produktion an, wie viel Spa\u00df die Beteiligten beim Einsingen und Produzieren hatten \u2013 als w\u00e4re der Begriff \u201eSpa\u00dfprojekt\u201c f\u00fcr das fertige Werk erfunden worden.<\/p>\n<p>Die Stimmen von PETER SEBASTIAN \u2013 m\u00e4nnlich, markant, unverwechselbar \u2013 und LINDA FELLER \u2013 feminin, ausdrucksstark, individuell \u2013 passen einfach perfekt zueinander. Mit \u201eIbiza\u201c haben die beiden den perfekten \u201eEinstiegs-Song\u201c gefunden. Die Idee, diesen IBO-Klassiker als Duett-Version aufzulegen, ist einfach genial. Die Version ist wie geschaffen f\u00fcr Airplay und TV-Eins\u00e4tze. Die Symbiose von \u201eMr. Gute Laune\u201c PETER SEBASTIAN und \u201eLady Country\u201c LINDA FELLER ist einfach nur bef\u00e4higt und \u00fcberzeugend. (Geschrieben von Stephan Imming)<\/p>\n<p><span style=\"color: #800000;\"><strong>Dieser Song ist ab dem 22.04.2022 in allen bekannten Onlineshops erh\u00e4ltlich!<\/strong><\/span><\/p>\n<p><span style=\"color: #800000;\"><strong>Airdate (f\u00fcr Radiosender): 22.04.2022<\/strong><\/span><\/p>\n","protected":false},"excerpt":{"rendered":"<p>Als im vergangenen Jahr in Berlin der traditionelle Schlager Olymp stattfand, waren nicht nur die Fans, sondern auch die K\u00fcnstler gl\u00fccklich: Endlich konnte der Schlager &#8222;Open Air&#8220; in Pandemiezeiten wieder mit den Fans gefeiert werden. Neben vielen anderen prominenten Stars wie RAMON ROSELLY, BERNHARD BRINK und NINO DE ANGELO war auch Mr. Gute Laune PETER SEBASTIAN dabei. Und der freute sich ganz besonders dar\u00fcber, dass seine liebe Kollegin LINDA FELLER ebenfalls im K\u00fcnstler-Line-up stand. Hinter den Kulissen kamen LINDA und PETER, beide seit vielen Jahrzehnten erfolgreich im Schlagergesch\u00e4ft unterwegs, ins Gespr\u00e4ch. Man unterhielt sich \u00fcber Gott und die Welt \u2013 und irgendwann kam die Rede&#8230;<\/p>\n","protected":false},"author":1,"featured_media":10391,"comment_status":"closed","ping_status":"closed","sticky":false,"template":"","format":"standard","meta":{"footnotes":""},"categories":[2],"tags":[1280],"class_list":["post-10389","post","type-post","status-publish","format-standard","has-post-thumbnail","hentry","category-schlager","tag-linda-feller-peter-sebastian","wpcat-2-id"],"_links":{"self":[{"href":"https:\/\/bergers-schlagerparadies.de\/index.php?rest_route=\/wp\/v2\/posts\/10389","targetHints":{"allow":["GET"]}}],"collection":[{"href":"https:\/\/bergers-schlagerparadies.de\/index.php?rest_route=\/wp\/v2\/posts"}],"about":[{"href":"https:\/\/bergers-schlagerparadies.de\/index.php?rest_route=\/wp\/v2\/types\/post"}],"author":[{"embeddable":true,"href":"https:\/\/bergers-schlagerparadies.de\/index.php?rest_route=\/wp\/v2\/users\/1"}],"replies":[{"embeddable":true,"href":"https:\/\/bergers-schlagerparadies.de\/index.php?rest_route=%2Fwp%2Fv2%2Fcomments&post=10389"}],"version-history":[{"count":1,"href":"https:\/\/bergers-schlagerparadies.de\/index.php?rest_route=\/wp\/v2\/posts\/10389\/revisions"}],"predecessor-version":[{"id":10392,"href":"https:\/\/bergers-schlagerparadies.de\/index.php?rest_route=\/wp\/v2\/posts\/10389\/revisions\/10392"}],"wp:featuredmedia":[{"embeddable":true,"href":"https:\/\/bergers-schlagerparadies.de\/index.php?rest_route=\/wp\/v2\/media\/10391"}],"wp:attachment":[{"href":"https:\/\/bergers-schlagerparadies.de\/index.php?rest_route=%2Fwp%2Fv2%2Fmedia&parent=10389"}],"wp:term":[{"taxonomy":"category","embeddable":true,"href":"https:\/\/bergers-schlagerparadies.de\/index.php?rest_route=%2Fwp%2Fv2%2Fcategories&post=10389"},{"taxonomy":"post_tag","embeddable":true,"href":"https:\/\/bergers-schlagerparadies.de\/index.php?rest_route=%2Fwp%2Fv2%2Ftags&post=10389"}],"curies":[{"name":"wp","href":"https:\/\/api.w.org\/{rel}","templated":true}]}}