{"id":10381,"date":"2022-04-18T10:30:46","date_gmt":"2022-04-18T08:30:46","guid":{"rendered":"http:\/\/bergers-schlagerparadies.de\/?p=10381"},"modified":"2022-04-22T12:05:51","modified_gmt":"2022-04-22T10:05:51","slug":"roland-f-komm-zurueck-%c2%b7-bergers-schlagerparadies","status":"publish","type":"post","link":"https:\/\/bergers-schlagerparadies.de\/?p=10381","title":{"rendered":"Roland F. &#8211; Komm zur\u00fcck \u00b7 Berger\u00b4s Schlagerparadies"},"content":{"rendered":"<p><img loading=\"lazy\" decoding=\"async\" class=\"size-medium wp-image-10383 alignleft\" src=\"https:\/\/bergers-schlagerparadies.de\/wp-content\/uploads\/2022\/04\/Roland-F.-Komm-zurueck-300x300.jpg\" alt=\"\" width=\"300\" height=\"300\" srcset=\"https:\/\/bergers-schlagerparadies.de\/wp-content\/uploads\/2022\/04\/Roland-F.-Komm-zurueck-300x300.jpg 300w, https:\/\/bergers-schlagerparadies.de\/wp-content\/uploads\/2022\/04\/Roland-F.-Komm-zurueck-150x150.jpg 150w, https:\/\/bergers-schlagerparadies.de\/wp-content\/uploads\/2022\/04\/Roland-F.-Komm-zurueck-768x768.jpg 768w, https:\/\/bergers-schlagerparadies.de\/wp-content\/uploads\/2022\/04\/Roland-F.-Komm-zurueck-100x100.jpg 100w, https:\/\/bergers-schlagerparadies.de\/wp-content\/uploads\/2022\/04\/Roland-F.-Komm-zurueck.jpg 800w\" sizes=\"auto, (max-width: 300px) 100vw, 300px\" \/>Nach der erfolgreichen Single \u201eMit Dir\u201c im letzten Jahr 2021 k\u00f6nnen sich die Fans von Roland F. auf einen weiteren neuen Song im Fr\u00fchjahr 2022 freuen!<\/p>\n<p>\u201eKomm zur\u00fcck\u201c hei\u00dft die neue Single von Roland F.<\/p>\n<p>Roland F. konnte eine Zusammenarbeit mit dem erfolgreichen Autoren Team Jan &amp; Jascha erzielen, die zahlreiche Charts Platzierungen in den letzten Jahren f\u00fcr sich verbuchen konnten. F\u00fcr die neue Single \u201eKomm zur\u00fcck\u201c wurde bereits im M\u00e4rz 2022 das passende Musikvideo gedreht, das zusammen mit der neuen Single ver\u00f6ffentlicht wird.<\/p>\n<p>Auch f\u00fcr die DJs wird es wieder einen \u201eC- Base-mix\u201c geben der circa 3-4 Wochen sp\u00e4ter erscheinen wird.<\/p>\n<p>&nbsp;<\/p>\n<p><span style=\"color: #800000;\"><strong>Dieser Song ist ab dem 29.04.2022 in allen bekannten Onlineshops erh\u00e4ltlich!<\/strong><\/span><\/p>\n<p><span style=\"color: #800000;\"><strong>Airdate (f\u00fcr Radiosender): 22.04.2022<\/strong><\/span><\/p>\n","protected":false},"excerpt":{"rendered":"<p>Nach der erfolgreichen Single \u201eMit Dir\u201c im letzten Jahr 2021 k\u00f6nnen sich die Fans von Roland F. auf einen weiteren neuen Song im Fr\u00fchjahr 2022 freuen! \u201eKomm zur\u00fcck\u201c hei\u00dft die neue Single von Roland F. Roland F. konnte eine Zusammenarbeit mit dem erfolgreichen Autoren Team Jan &amp; Jascha erzielen, die zahlreiche Charts Platzierungen in den letzten Jahren f\u00fcr sich verbuchen konnten. F\u00fcr die neue Single \u201eKomm zur\u00fcck\u201c wurde bereits im M\u00e4rz 2022 das passende Musikvideo gedreht, das zusammen mit der neuen Single ver\u00f6ffentlicht wird. Auch f\u00fcr die DJs wird es wieder einen \u201eC- Base-mix\u201c geben der circa 3-4 Wochen sp\u00e4ter erscheinen wird. &nbsp; Dieser Song&#8230;<\/p>\n","protected":false},"author":1,"featured_media":10383,"comment_status":"closed","ping_status":"closed","sticky":false,"template":"","format":"standard","meta":{"footnotes":""},"categories":[2],"tags":[685],"class_list":["post-10381","post","type-post","status-publish","format-standard","has-post-thumbnail","hentry","category-schlager","tag-roland-f","wpcat-2-id"],"_links":{"self":[{"href":"https:\/\/bergers-schlagerparadies.de\/index.php?rest_route=\/wp\/v2\/posts\/10381","targetHints":{"allow":["GET"]}}],"collection":[{"href":"https:\/\/bergers-schlagerparadies.de\/index.php?rest_route=\/wp\/v2\/posts"}],"about":[{"href":"https:\/\/bergers-schlagerparadies.de\/index.php?rest_route=\/wp\/v2\/types\/post"}],"author":[{"embeddable":true,"href":"https:\/\/bergers-schlagerparadies.de\/index.php?rest_route=\/wp\/v2\/users\/1"}],"replies":[{"embeddable":true,"href":"https:\/\/bergers-schlagerparadies.de\/index.php?rest_route=%2Fwp%2Fv2%2Fcomments&post=10381"}],"version-history":[{"count":1,"href":"https:\/\/bergers-schlagerparadies.de\/index.php?rest_route=\/wp\/v2\/posts\/10381\/revisions"}],"predecessor-version":[{"id":10384,"href":"https:\/\/bergers-schlagerparadies.de\/index.php?rest_route=\/wp\/v2\/posts\/10381\/revisions\/10384"}],"wp:featuredmedia":[{"embeddable":true,"href":"https:\/\/bergers-schlagerparadies.de\/index.php?rest_route=\/wp\/v2\/media\/10383"}],"wp:attachment":[{"href":"https:\/\/bergers-schlagerparadies.de\/index.php?rest_route=%2Fwp%2Fv2%2Fmedia&parent=10381"}],"wp:term":[{"taxonomy":"category","embeddable":true,"href":"https:\/\/bergers-schlagerparadies.de\/index.php?rest_route=%2Fwp%2Fv2%2Fcategories&post=10381"},{"taxonomy":"post_tag","embeddable":true,"href":"https:\/\/bergers-schlagerparadies.de\/index.php?rest_route=%2Fwp%2Fv2%2Ftags&post=10381"}],"curies":[{"name":"wp","href":"https:\/\/api.w.org\/{rel}","templated":true}]}}