{"id":10245,"date":"2022-04-14T21:29:08","date_gmt":"2022-04-14T19:29:08","guid":{"rendered":"http:\/\/bergers-schlagerparadies.de\/?p=10245"},"modified":"2022-04-14T21:29:08","modified_gmt":"2022-04-14T19:29:08","slug":"darin-erb-feiges-herz-%c2%b7-bergers-schlagerparadies","status":"publish","type":"post","link":"https:\/\/bergers-schlagerparadies.de\/?p=10245","title":{"rendered":"Darin Erb &#8211; Feiges Herz \u00b7 Berger\u00b4s Schlagerparadies"},"content":{"rendered":"<p><img loading=\"lazy\" decoding=\"async\" class=\"size-medium wp-image-10247 alignleft\" src=\"https:\/\/bergers-schlagerparadies.de\/wp-content\/uploads\/2022\/04\/Darin-Erb-Feiges-Herz-300x300.jpg\" alt=\"\" width=\"300\" height=\"300\" srcset=\"https:\/\/bergers-schlagerparadies.de\/wp-content\/uploads\/2022\/04\/Darin-Erb-Feiges-Herz-300x300.jpg 300w, https:\/\/bergers-schlagerparadies.de\/wp-content\/uploads\/2022\/04\/Darin-Erb-Feiges-Herz-150x150.jpg 150w, https:\/\/bergers-schlagerparadies.de\/wp-content\/uploads\/2022\/04\/Darin-Erb-Feiges-Herz-768x768.jpg 768w, https:\/\/bergers-schlagerparadies.de\/wp-content\/uploads\/2022\/04\/Darin-Erb-Feiges-Herz-100x100.jpg 100w, https:\/\/bergers-schlagerparadies.de\/wp-content\/uploads\/2022\/04\/Darin-Erb-Feiges-Herz.jpg 800w\" sizes=\"auto, (max-width: 300px) 100vw, 300px\" \/>Mit dem Titel \u201eFeiges Herz\u201c bringt die 31-j\u00e4hrige Darin Erb ihre Deb\u00fctsingle auf den Markt.<\/p>\n<p>Die geb\u00fcrtige Wei\u00dfrussin kann bereits auf so einige Jahre Gesangskarriere zur\u00fcckblicken. Sie war bereits 2007, im zarten Alter von 16 Jahren, bei Popstars on Stage und schaffte es in die Top 10. Daraufhin folgten 10 Jahre B\u00fchnenerfahrung mit einer Band. Auch bei der Sendung \u201eDeutschland sucht den Superstar\u201c (DSDS) konnte sie sich behaupten, wo der Pop-Titan, Dieter Bohlen, sehr von ihrer Stimme angetan war.<\/p>\n<p>\u201eFeiges Herz\u201c ist moderner Schlager-Pop, der mit einem luftigen Beat und karibischen Sounds sofort zum Tanzen animiert und gute Laune verspr\u00fcht.<\/p>\n<p>Erz\u00e4hlt wird davon, wie man in der \u201eFriendzone\u201c landen kann, obwohl man echte Gef\u00fchle f\u00fcr den anderen hat. Diese Gef\u00fchle werden allerdings irgendwann so m\u00e4chtig, dass das Herz schneller schl\u00e4gt und man es gerade so noch aushalten kann &#8211; oder vielleicht auch nicht?<\/p>\n<p><span style=\"color: #800000;\"><strong>Dieser Song ist ab dem 22.04.2022 in allen bekannten Onlineshops erh\u00e4ltlich!<\/strong><\/span><\/p>\n<p><span style=\"color: #800000;\"><strong>Airdate (f\u00fcr Radiosender): 15.04.2022<\/strong><\/span><\/p>\n","protected":false},"excerpt":{"rendered":"<p>Mit dem Titel \u201eFeiges Herz\u201c bringt die 31-j\u00e4hrige Darin Erb ihre Deb\u00fctsingle auf den Markt. Die geb\u00fcrtige Wei\u00dfrussin kann bereits auf so einige Jahre Gesangskarriere zur\u00fcckblicken. Sie war bereits 2007, im zarten Alter von 16 Jahren, bei Popstars on Stage und schaffte es in die Top 10. Daraufhin folgten 10 Jahre B\u00fchnenerfahrung mit einer Band. Auch bei der Sendung \u201eDeutschland sucht den Superstar\u201c (DSDS) konnte sie sich behaupten, wo der Pop-Titan, Dieter Bohlen, sehr von ihrer Stimme angetan war. \u201eFeiges Herz\u201c ist moderner Schlager-Pop, der mit einem luftigen Beat und karibischen Sounds sofort zum Tanzen animiert und gute Laune verspr\u00fcht. Erz\u00e4hlt wird davon, wie man&#8230;<\/p>\n","protected":false},"author":1,"featured_media":10247,"comment_status":"closed","ping_status":"closed","sticky":false,"template":"","format":"standard","meta":{"footnotes":""},"categories":[2],"tags":[1271],"class_list":["post-10245","post","type-post","status-publish","format-standard","has-post-thumbnail","hentry","category-schlager","tag-darin-erb","wpcat-2-id"],"_links":{"self":[{"href":"https:\/\/bergers-schlagerparadies.de\/index.php?rest_route=\/wp\/v2\/posts\/10245","targetHints":{"allow":["GET"]}}],"collection":[{"href":"https:\/\/bergers-schlagerparadies.de\/index.php?rest_route=\/wp\/v2\/posts"}],"about":[{"href":"https:\/\/bergers-schlagerparadies.de\/index.php?rest_route=\/wp\/v2\/types\/post"}],"author":[{"embeddable":true,"href":"https:\/\/bergers-schlagerparadies.de\/index.php?rest_route=\/wp\/v2\/users\/1"}],"replies":[{"embeddable":true,"href":"https:\/\/bergers-schlagerparadies.de\/index.php?rest_route=%2Fwp%2Fv2%2Fcomments&post=10245"}],"version-history":[{"count":1,"href":"https:\/\/bergers-schlagerparadies.de\/index.php?rest_route=\/wp\/v2\/posts\/10245\/revisions"}],"predecessor-version":[{"id":10248,"href":"https:\/\/bergers-schlagerparadies.de\/index.php?rest_route=\/wp\/v2\/posts\/10245\/revisions\/10248"}],"wp:featuredmedia":[{"embeddable":true,"href":"https:\/\/bergers-schlagerparadies.de\/index.php?rest_route=\/wp\/v2\/media\/10247"}],"wp:attachment":[{"href":"https:\/\/bergers-schlagerparadies.de\/index.php?rest_route=%2Fwp%2Fv2%2Fmedia&parent=10245"}],"wp:term":[{"taxonomy":"category","embeddable":true,"href":"https:\/\/bergers-schlagerparadies.de\/index.php?rest_route=%2Fwp%2Fv2%2Fcategories&post=10245"},{"taxonomy":"post_tag","embeddable":true,"href":"https:\/\/bergers-schlagerparadies.de\/index.php?rest_route=%2Fwp%2Fv2%2Ftags&post=10245"}],"curies":[{"name":"wp","href":"https:\/\/api.w.org\/{rel}","templated":true}]}}