{"id":10095,"date":"2022-04-04T10:30:13","date_gmt":"2022-04-04T08:30:13","guid":{"rendered":"http:\/\/bergers-schlagerparadies.de\/?p=10095"},"modified":"2022-04-01T11:04:01","modified_gmt":"2022-04-01T09:04:01","slug":"zweiklang-die-grosse-liebe-klopft-nicht-an-%c2%b7-bergers-schlagerparadies","status":"publish","type":"post","link":"https:\/\/bergers-schlagerparadies.de\/?p=10095","title":{"rendered":"Zweiklang &#8211; Die gro\u00dfe Liebe klopft nicht an \u00b7 Berger\u00b4s Schlagerparadies"},"content":{"rendered":"<p><img loading=\"lazy\" decoding=\"async\" class=\"size-medium wp-image-10097 alignleft\" src=\"https:\/\/bergers-schlagerparadies.de\/wp-content\/uploads\/2022\/04\/Zweiklang-Die-grosse-Liebe-klopft-nicht-an-300x300.jpg\" alt=\"\" width=\"300\" height=\"300\" srcset=\"https:\/\/bergers-schlagerparadies.de\/wp-content\/uploads\/2022\/04\/Zweiklang-Die-grosse-Liebe-klopft-nicht-an-300x300.jpg 300w, https:\/\/bergers-schlagerparadies.de\/wp-content\/uploads\/2022\/04\/Zweiklang-Die-grosse-Liebe-klopft-nicht-an-1024x1024.jpg 1024w, https:\/\/bergers-schlagerparadies.de\/wp-content\/uploads\/2022\/04\/Zweiklang-Die-grosse-Liebe-klopft-nicht-an-150x150.jpg 150w, https:\/\/bergers-schlagerparadies.de\/wp-content\/uploads\/2022\/04\/Zweiklang-Die-grosse-Liebe-klopft-nicht-an-768x768.jpg 768w, https:\/\/bergers-schlagerparadies.de\/wp-content\/uploads\/2022\/04\/Zweiklang-Die-grosse-Liebe-klopft-nicht-an.jpg 1200w, https:\/\/bergers-schlagerparadies.de\/wp-content\/uploads\/2022\/04\/Zweiklang-Die-grosse-Liebe-klopft-nicht-an-1188x1188.jpg 1188w, https:\/\/bergers-schlagerparadies.de\/wp-content\/uploads\/2022\/04\/Zweiklang-Die-grosse-Liebe-klopft-nicht-an-100x100.jpg 100w\" sizes=\"auto, (max-width: 300px) 100vw, 300px\" \/>Dass die Beiden verliebt und seit vielen Jahren ein Paar sind, ist kein Geheimnis.<br \/>\nAber auch bei Nicole und Kay hat die gro\u00dfe Liebe nicht einfach so angeklopft, denn beide lernten sich erst kennen, als jeder f\u00fcr sich seinen Lebensplan schon gemacht hatte.<\/p>\n<p>Doch die Musik brachte hier einfach zusammen, was zusammengeh\u00f6rt.<\/p>\n<p>Zeitgem\u00e4\u00df arrangiert und produziert, stellt auch dieser neue Song die unverwechselbaren Stimmen von Nicole und Kay in den Fokus und l\u00e4dt direkt zum Tanzen ein.<\/p>\n<p>Dabei ist die Story wieder direkt aus dem Leben gegriffen und viele Verliebte werden sich im Text wiederfinden.<\/p>\n<p>Deutsche Popmusik mit einem tiefsinnigen Text, der aus dem Herzen spricht \u2013 dazu ein zeitgem\u00e4\u00dfes Arrangement. Das was \u201eZweiklang\u201c singen, nimmt man ihnen einfach ab, weil sie authentisch, sympathisch und ehrlich sind.<\/p>\n<p><span style=\"color: #800000;\"><strong>Dieser Song ist ab dem 08.04.2022 in allen bekannten Onlineshops erh\u00e4ltlich!<\/strong><\/span><\/p>\n<p><span style=\"color: #800000;\"><strong>Airdate (f\u00fcr Radiosender): 08.04.2022<\/strong><\/span><\/p>\n","protected":false},"excerpt":{"rendered":"<p>Dass die Beiden verliebt und seit vielen Jahren ein Paar sind, ist kein Geheimnis. Aber auch bei Nicole und Kay hat die gro\u00dfe Liebe nicht einfach so angeklopft, denn beide lernten sich erst kennen, als jeder f\u00fcr sich seinen Lebensplan schon gemacht hatte. Doch die Musik brachte hier einfach zusammen, was zusammengeh\u00f6rt. Zeitgem\u00e4\u00df arrangiert und produziert, stellt auch dieser neue Song die unverwechselbaren Stimmen von Nicole und Kay in den Fokus und l\u00e4dt direkt zum Tanzen ein. Dabei ist die Story wieder direkt aus dem Leben gegriffen und viele Verliebte werden sich im Text wiederfinden. Deutsche Popmusik mit einem tiefsinnigen Text, der aus dem Herzen&#8230;<\/p>\n","protected":false},"author":1,"featured_media":10097,"comment_status":"closed","ping_status":"closed","sticky":false,"template":"","format":"standard","meta":{"footnotes":""},"categories":[2],"tags":[639],"class_list":["post-10095","post","type-post","status-publish","format-standard","has-post-thumbnail","hentry","category-schlager","tag-zweiklang","wpcat-2-id"],"_links":{"self":[{"href":"https:\/\/bergers-schlagerparadies.de\/index.php?rest_route=\/wp\/v2\/posts\/10095","targetHints":{"allow":["GET"]}}],"collection":[{"href":"https:\/\/bergers-schlagerparadies.de\/index.php?rest_route=\/wp\/v2\/posts"}],"about":[{"href":"https:\/\/bergers-schlagerparadies.de\/index.php?rest_route=\/wp\/v2\/types\/post"}],"author":[{"embeddable":true,"href":"https:\/\/bergers-schlagerparadies.de\/index.php?rest_route=\/wp\/v2\/users\/1"}],"replies":[{"embeddable":true,"href":"https:\/\/bergers-schlagerparadies.de\/index.php?rest_route=%2Fwp%2Fv2%2Fcomments&post=10095"}],"version-history":[{"count":1,"href":"https:\/\/bergers-schlagerparadies.de\/index.php?rest_route=\/wp\/v2\/posts\/10095\/revisions"}],"predecessor-version":[{"id":10098,"href":"https:\/\/bergers-schlagerparadies.de\/index.php?rest_route=\/wp\/v2\/posts\/10095\/revisions\/10098"}],"wp:featuredmedia":[{"embeddable":true,"href":"https:\/\/bergers-schlagerparadies.de\/index.php?rest_route=\/wp\/v2\/media\/10097"}],"wp:attachment":[{"href":"https:\/\/bergers-schlagerparadies.de\/index.php?rest_route=%2Fwp%2Fv2%2Fmedia&parent=10095"}],"wp:term":[{"taxonomy":"category","embeddable":true,"href":"https:\/\/bergers-schlagerparadies.de\/index.php?rest_route=%2Fwp%2Fv2%2Fcategories&post=10095"},{"taxonomy":"post_tag","embeddable":true,"href":"https:\/\/bergers-schlagerparadies.de\/index.php?rest_route=%2Fwp%2Fv2%2Ftags&post=10095"}],"curies":[{"name":"wp","href":"https:\/\/api.w.org\/{rel}","templated":true}]}}