{"id":10009,"date":"2022-03-25T16:14:13","date_gmt":"2022-03-25T15:14:13","guid":{"rendered":"http:\/\/bergers-schlagerparadies.de\/?p=10009"},"modified":"2022-03-25T16:14:13","modified_gmt":"2022-03-25T15:14:13","slug":"miguel-gaspar-und-dann-habe-ich-an-dich-gedacht-%c2%b7-bergers-schlagerparadies","status":"publish","type":"post","link":"https:\/\/bergers-schlagerparadies.de\/?p=10009","title":{"rendered":"Miguel Gaspar &#8211; Und dann habe ich an dich gedacht \u00b7 Berger\u00b4s Schlagerparadies"},"content":{"rendered":"<p><img loading=\"lazy\" decoding=\"async\" class=\"size-medium wp-image-10011 alignleft\" src=\"https:\/\/bergers-schlagerparadies.de\/wp-content\/uploads\/2022\/03\/Miguel-Gaspar-Und-dann-habe-ich-an-dich-gedacht-300x300.jpg\" alt=\"\" width=\"300\" height=\"300\" srcset=\"https:\/\/bergers-schlagerparadies.de\/wp-content\/uploads\/2022\/03\/Miguel-Gaspar-Und-dann-habe-ich-an-dich-gedacht-300x300.jpg 300w, https:\/\/bergers-schlagerparadies.de\/wp-content\/uploads\/2022\/03\/Miguel-Gaspar-Und-dann-habe-ich-an-dich-gedacht-1024x1024.jpg 1024w, https:\/\/bergers-schlagerparadies.de\/wp-content\/uploads\/2022\/03\/Miguel-Gaspar-Und-dann-habe-ich-an-dich-gedacht-150x150.jpg 150w, https:\/\/bergers-schlagerparadies.de\/wp-content\/uploads\/2022\/03\/Miguel-Gaspar-Und-dann-habe-ich-an-dich-gedacht-768x768.jpg 768w, https:\/\/bergers-schlagerparadies.de\/wp-content\/uploads\/2022\/03\/Miguel-Gaspar-Und-dann-habe-ich-an-dich-gedacht.jpg 1200w, https:\/\/bergers-schlagerparadies.de\/wp-content\/uploads\/2022\/03\/Miguel-Gaspar-Und-dann-habe-ich-an-dich-gedacht-1188x1188.jpg 1188w, https:\/\/bergers-schlagerparadies.de\/wp-content\/uploads\/2022\/03\/Miguel-Gaspar-Und-dann-habe-ich-an-dich-gedacht-100x100.jpg 100w\" sizes=\"auto, (max-width: 300px) 100vw, 300px\" \/>Strahlendes Rampenlicht, gro\u00dfe B\u00fchnen, einzigartige Momente am Mikrofon \u2013 d\u00fcrften Kinder und Jugendliche sich ihre Zukunft ausmalen, w\u00fcrden nicht wenige von ihnen von einer Karriere als erfolgreicher Superstar im Musikbusiness tr\u00e4umen. Genau diesen Traum lebt der gerade mal 13 Jahre alte MIGUEL GASPAR, der mit seiner neuen Single UND DANN HABE ICH AN DICH GEDACHT (V\u00d6: 25.03.2022) aufs Neue beweist, wie viel Superstar in ihm steckt.<\/p>\n<p>MIGUEL GASPAR hat mit seinem jungen Alter bereits das erreicht, wovon viele Musiker Jahrzehnte tr\u00e4umen. Bereits mit elf Jahren \u00fcberzeugte er live on stage, als S\u00e4ngerin Vanessa Mai ihn f\u00fcr ein Duett auf die B\u00fchne holte; bei einem gemeinsamen Song im Fernsehen mit Florian Silbereisen performte der junge Schlagers\u00e4nger mindestens genauso professionell wie die Schlager-Legende und nach verschiedenen Auftritten in TV-Formaten wie etwa \u201eThe Voice Kids\u201c ist er l\u00e4ngst kein Unbekannter mehr \u2013 kein Wunder also, dass MIGUEL GASPAR inzwischen als der j\u00fcngste Stern am Schlagerhimmel gilt.<\/p>\n<p>Mit UND DANN HABE ICH AN DICH GEDACHT stellt der sympathische Bad Liebenzeller nun erneut sein Talent und seine Liebe zur Musik unter Beweis und begeistert dabei mit einer ganz besonderen Botschaft. Denn die neue Single des Schlager-Youngsters kann zwar auch als Liebessong verstanden werden, MIGUEL selbst widmet den Track jedoch einer ganz besonderen Frau in seinem Leben: seiner Mutter. Denn seine Mama hat stets an ihn geglaubt, ihm den R\u00fccken gest\u00e4rkt und ihn auf dem bisherigen Weg seiner Musikkarriere Schritt f\u00fcr Schritt begleitet:<\/p>\n<p>Und dann habe ich an dich gedacht,<br \/>\nund gesp\u00fcrt, du gibst auf mich acht.<br \/>\nHalt mich fest, was auch geschieht,<br \/>\ndu, ich hab dich lieb.<\/p>\n<p>Mit seiner Begeisterung f\u00fcr Musik, zahlreichen Ideen und jeder Menge Talent im Gep\u00e4ck will MIGUEL GASPAR die Schlagerwelt weiter erobern. Und so viel ist sicher: Solang du mich im Herzen hast, wird ihm genau das auch weiterhin gelingen!<\/p>\n<p>Kontakte:<br \/>\nHead of Promotion \/ TV Promotion: Heiner Peschmann (Heiner.Peschmann@umusic.com)<br \/>\nRadio Promotion: Reinhard \u201eMeini\u201c Meynen (Reinhard.Meynen@t-online.de)<\/p>\n<p><span style=\"color: #800000;\"><strong>Dieser Song ist ab dem 25.03.2022 in allen bekannten Onlineshops erh\u00e4ltlich!<\/strong><\/span><\/p>\n<p><span style=\"color: #800000;\"><strong>Airdate (f\u00fcr Radiosender): 25.03.2022<\/strong><\/span><\/p>\n","protected":false},"excerpt":{"rendered":"<p>Strahlendes Rampenlicht, gro\u00dfe B\u00fchnen, einzigartige Momente am Mikrofon \u2013 d\u00fcrften Kinder und Jugendliche sich ihre Zukunft ausmalen, w\u00fcrden nicht wenige von ihnen von einer Karriere als erfolgreicher Superstar im Musikbusiness tr\u00e4umen. Genau diesen Traum lebt der gerade mal 13 Jahre alte MIGUEL GASPAR, der mit seiner neuen Single UND DANN HABE ICH AN DICH GEDACHT (V\u00d6: 25.03.2022) aufs Neue beweist, wie viel Superstar in ihm steckt. MIGUEL GASPAR hat mit seinem jungen Alter bereits das erreicht, wovon viele Musiker Jahrzehnte tr\u00e4umen. Bereits mit elf Jahren \u00fcberzeugte er live on stage, als S\u00e4ngerin Vanessa Mai ihn f\u00fcr ein Duett auf die B\u00fchne holte; bei einem gemeinsamen&#8230;<\/p>\n","protected":false},"author":1,"featured_media":10011,"comment_status":"closed","ping_status":"closed","sticky":false,"template":"","format":"standard","meta":{"footnotes":""},"categories":[2],"tags":[1258],"class_list":["post-10009","post","type-post","status-publish","format-standard","has-post-thumbnail","hentry","category-schlager","tag-miguel-gaspar","wpcat-2-id"],"_links":{"self":[{"href":"https:\/\/bergers-schlagerparadies.de\/index.php?rest_route=\/wp\/v2\/posts\/10009","targetHints":{"allow":["GET"]}}],"collection":[{"href":"https:\/\/bergers-schlagerparadies.de\/index.php?rest_route=\/wp\/v2\/posts"}],"about":[{"href":"https:\/\/bergers-schlagerparadies.de\/index.php?rest_route=\/wp\/v2\/types\/post"}],"author":[{"embeddable":true,"href":"https:\/\/bergers-schlagerparadies.de\/index.php?rest_route=\/wp\/v2\/users\/1"}],"replies":[{"embeddable":true,"href":"https:\/\/bergers-schlagerparadies.de\/index.php?rest_route=%2Fwp%2Fv2%2Fcomments&post=10009"}],"version-history":[{"count":1,"href":"https:\/\/bergers-schlagerparadies.de\/index.php?rest_route=\/wp\/v2\/posts\/10009\/revisions"}],"predecessor-version":[{"id":10012,"href":"https:\/\/bergers-schlagerparadies.de\/index.php?rest_route=\/wp\/v2\/posts\/10009\/revisions\/10012"}],"wp:featuredmedia":[{"embeddable":true,"href":"https:\/\/bergers-schlagerparadies.de\/index.php?rest_route=\/wp\/v2\/media\/10011"}],"wp:attachment":[{"href":"https:\/\/bergers-schlagerparadies.de\/index.php?rest_route=%2Fwp%2Fv2%2Fmedia&parent=10009"}],"wp:term":[{"taxonomy":"category","embeddable":true,"href":"https:\/\/bergers-schlagerparadies.de\/index.php?rest_route=%2Fwp%2Fv2%2Fcategories&post=10009"},{"taxonomy":"post_tag","embeddable":true,"href":"https:\/\/bergers-schlagerparadies.de\/index.php?rest_route=%2Fwp%2Fv2%2Ftags&post=10009"}],"curies":[{"name":"wp","href":"https:\/\/api.w.org\/{rel}","templated":true}]}}