{"id":10005,"date":"2022-03-25T16:01:04","date_gmt":"2022-03-25T15:01:04","guid":{"rendered":"http:\/\/bergers-schlagerparadies.de\/?p=10005"},"modified":"2022-03-25T16:01:04","modified_gmt":"2022-03-25T15:01:04","slug":"joerg-bausch-im-dschungel-der-nacht-%c2%b7-bergers-schlagerparadies","status":"publish","type":"post","link":"https:\/\/bergers-schlagerparadies.de\/?p=10005","title":{"rendered":"J\u00f6rg Bausch &#8211; Im Dschungel der Nacht \u00b7 Berger\u00b4s Schlagerparadies"},"content":{"rendered":"<p><img loading=\"lazy\" decoding=\"async\" class=\"size-medium wp-image-10007 alignleft\" src=\"https:\/\/bergers-schlagerparadies.de\/wp-content\/uploads\/2022\/03\/Joerg-Bausch-Im-Dschungel-der-Nacht-300x300.jpg\" alt=\"\" width=\"300\" height=\"300\" srcset=\"https:\/\/bergers-schlagerparadies.de\/wp-content\/uploads\/2022\/03\/Joerg-Bausch-Im-Dschungel-der-Nacht-300x300.jpg 300w, https:\/\/bergers-schlagerparadies.de\/wp-content\/uploads\/2022\/03\/Joerg-Bausch-Im-Dschungel-der-Nacht-1024x1024.jpg 1024w, https:\/\/bergers-schlagerparadies.de\/wp-content\/uploads\/2022\/03\/Joerg-Bausch-Im-Dschungel-der-Nacht-150x150.jpg 150w, https:\/\/bergers-schlagerparadies.de\/wp-content\/uploads\/2022\/03\/Joerg-Bausch-Im-Dschungel-der-Nacht-768x768.jpg 768w, https:\/\/bergers-schlagerparadies.de\/wp-content\/uploads\/2022\/03\/Joerg-Bausch-Im-Dschungel-der-Nacht.jpg 1200w, https:\/\/bergers-schlagerparadies.de\/wp-content\/uploads\/2022\/03\/Joerg-Bausch-Im-Dschungel-der-Nacht-1188x1188.jpg 1188w, https:\/\/bergers-schlagerparadies.de\/wp-content\/uploads\/2022\/03\/Joerg-Bausch-Im-Dschungel-der-Nacht-100x100.jpg 100w\" sizes=\"auto, (max-width: 300px) 100vw, 300px\" \/>J\u00f6rg Bausch (S\u00e4nger, Komponist und Texter) covert \u201eIm Dschungel der Nacht\u201c!<\/p>\n<p>J\u00f6rg Bausch &#8211; bekannt durch Hits wie \u201eGro\u00dfes Kino\u201c und \u201eDieser Flug\u201c &#8211; z\u00e4hlt nicht nur zu den erfolgreichsten S\u00e4ngern und Komponisten im deutschen Schlager, sondern er hat auch immer wieder das richtige Gesp\u00fcr bewiesen, wenn es darum ging, verborgene Sch\u00e4tze zu finden. So auch diesmal. Schon als Jugendlicher feierte J\u00f6rg Bausch n\u00e4mlich einen eher unbekannten Titel aus dem Jahr 1992: \u201eIm Dschungel der Nacht\u201c, geschrieben von Bernd Meinunger, komponiert von Willy Kl\u00fcter. Dass J\u00f6rg Bausch \u201eIm Dschungel der Nacht\u201c einmal covern wird, h\u00e4tte er damals nie gedacht.<\/p>\n<p>\u201eAls ich mich irgendwann im Tonstudio an diesen alten Song erinnerte, war der Ohrwurm direkt wieder da. Und dann gab es kein Halten mehr. Ran an die Tasten und ran an das Mikrofon.\u201c<\/p>\n<p>In seinem Tonstudio produziert J\u00f6rg Bausch den Titel komplett neu, erh\u00e4lt dabei aber ganz bewusst die sch\u00f6nen, musikalischen Elemente des Originals. Ein zeitgem\u00e4\u00dfer Sound, der aber nichts am urspr\u00fcngliche Gef\u00fchl des Songs ver\u00e4ndert. In 2 Versionen (Single und DJ Mix) erscheint am 25.03.2022 \u201eIm Dschungel der Nacht\u201c. Ein unentdeckter Hit, den vielleicht nur die Zeit vergessen hat? \u201eEs hat auf jeden Fall eine Menge Spa\u00df gemacht,\u201c sagt J\u00f6rg Bausch, \u201emeinem pers\u00f6nlichen Ohrwurm aus alten Zeiten ein zweites Leben zu schenken.\u201c<\/p>\n<p><span style=\"color: #800000;\"><strong>Dieser Song ist ab dem 25.03.2022 in allen bekannten Onlineshops erh\u00e4ltlich!<\/strong><\/span><\/p>\n<p><span style=\"color: #800000;\"><strong>Airdate (f\u00fcr Radiosender): 25.03.2022<\/strong><\/span><\/p>\n","protected":false},"excerpt":{"rendered":"<p>J\u00f6rg Bausch (S\u00e4nger, Komponist und Texter) covert \u201eIm Dschungel der Nacht\u201c! J\u00f6rg Bausch &#8211; bekannt durch Hits wie \u201eGro\u00dfes Kino\u201c und \u201eDieser Flug\u201c &#8211; z\u00e4hlt nicht nur zu den erfolgreichsten S\u00e4ngern und Komponisten im deutschen Schlager, sondern er hat auch immer wieder das richtige Gesp\u00fcr bewiesen, wenn es darum ging, verborgene Sch\u00e4tze zu finden. So auch diesmal. Schon als Jugendlicher feierte J\u00f6rg Bausch n\u00e4mlich einen eher unbekannten Titel aus dem Jahr 1992: \u201eIm Dschungel der Nacht\u201c, geschrieben von Bernd Meinunger, komponiert von Willy Kl\u00fcter. Dass J\u00f6rg Bausch \u201eIm Dschungel der Nacht\u201c einmal covern wird, h\u00e4tte er damals nie gedacht. \u201eAls ich mich irgendwann im Tonstudio&#8230;<\/p>\n","protected":false},"author":1,"featured_media":10007,"comment_status":"closed","ping_status":"closed","sticky":false,"template":"","format":"standard","meta":{"footnotes":""},"categories":[2],"tags":[200],"class_list":["post-10005","post","type-post","status-publish","format-standard","has-post-thumbnail","hentry","category-schlager","tag-joerg-bausch","wpcat-2-id"],"_links":{"self":[{"href":"https:\/\/bergers-schlagerparadies.de\/index.php?rest_route=\/wp\/v2\/posts\/10005","targetHints":{"allow":["GET"]}}],"collection":[{"href":"https:\/\/bergers-schlagerparadies.de\/index.php?rest_route=\/wp\/v2\/posts"}],"about":[{"href":"https:\/\/bergers-schlagerparadies.de\/index.php?rest_route=\/wp\/v2\/types\/post"}],"author":[{"embeddable":true,"href":"https:\/\/bergers-schlagerparadies.de\/index.php?rest_route=\/wp\/v2\/users\/1"}],"replies":[{"embeddable":true,"href":"https:\/\/bergers-schlagerparadies.de\/index.php?rest_route=%2Fwp%2Fv2%2Fcomments&post=10005"}],"version-history":[{"count":1,"href":"https:\/\/bergers-schlagerparadies.de\/index.php?rest_route=\/wp\/v2\/posts\/10005\/revisions"}],"predecessor-version":[{"id":10008,"href":"https:\/\/bergers-schlagerparadies.de\/index.php?rest_route=\/wp\/v2\/posts\/10005\/revisions\/10008"}],"wp:featuredmedia":[{"embeddable":true,"href":"https:\/\/bergers-schlagerparadies.de\/index.php?rest_route=\/wp\/v2\/media\/10007"}],"wp:attachment":[{"href":"https:\/\/bergers-schlagerparadies.de\/index.php?rest_route=%2Fwp%2Fv2%2Fmedia&parent=10005"}],"wp:term":[{"taxonomy":"category","embeddable":true,"href":"https:\/\/bergers-schlagerparadies.de\/index.php?rest_route=%2Fwp%2Fv2%2Fcategories&post=10005"},{"taxonomy":"post_tag","embeddable":true,"href":"https:\/\/bergers-schlagerparadies.de\/index.php?rest_route=%2Fwp%2Fv2%2Ftags&post=10005"}],"curies":[{"name":"wp","href":"https:\/\/api.w.org\/{rel}","templated":true}]}}