{"id":10001,"date":"2022-03-25T15:00:39","date_gmt":"2022-03-25T14:00:39","guid":{"rendered":"http:\/\/bergers-schlagerparadies.de\/?p=10001"},"modified":"2022-03-25T15:00:39","modified_gmt":"2022-03-25T14:00:39","slug":"henk-van-daam-alle-unsere-traeume-album-%c2%b7-bergers-schlagerparadies","status":"publish","type":"post","link":"https:\/\/bergers-schlagerparadies.de\/?p=10001","title":{"rendered":"Henk van Daam &#8211; Alle unsere Tr\u00e4ume (Album) \u00b7 Berger\u00b4s Schlagerparadies"},"content":{"rendered":"<p><img loading=\"lazy\" decoding=\"async\" class=\"size-medium wp-image-10003 alignleft\" src=\"https:\/\/bergers-schlagerparadies.de\/wp-content\/uploads\/2022\/03\/Henk-van-Daam-Alle-unsere-Traeume-295x300.jpg\" alt=\"\" width=\"295\" height=\"300\" srcset=\"https:\/\/bergers-schlagerparadies.de\/wp-content\/uploads\/2022\/03\/Henk-van-Daam-Alle-unsere-Traeume-295x300.jpg 295w, https:\/\/bergers-schlagerparadies.de\/wp-content\/uploads\/2022\/03\/Henk-van-Daam-Alle-unsere-Traeume-1008x1024.jpg 1008w, https:\/\/bergers-schlagerparadies.de\/wp-content\/uploads\/2022\/03\/Henk-van-Daam-Alle-unsere-Traeume-768x780.jpg 768w, https:\/\/bergers-schlagerparadies.de\/wp-content\/uploads\/2022\/03\/Henk-van-Daam-Alle-unsere-Traeume-1181x1200.jpg 1181w, https:\/\/bergers-schlagerparadies.de\/wp-content\/uploads\/2022\/03\/Henk-van-Daam-Alle-unsere-Traeume-1188x1207.jpg 1188w, https:\/\/bergers-schlagerparadies.de\/wp-content\/uploads\/2022\/03\/Henk-van-Daam-Alle-unsere-Traeume.jpg 1200w\" sizes=\"auto, (max-width: 295px) 100vw, 295px\" \/>Nur wer im Leben Tr\u00e4ume hat und ihnen folgt, kann Gro\u00dfes erreichen. Von diesem Motto l\u00e4sst sich der Niederl\u00e4nder Henk van Daam durch sein neues Album \u201eAlle unsere Tr\u00e4ume\u201c leiten.<\/p>\n<p>Der talentierte und bodenst\u00e4ndige S\u00e4nger stand zu Beginn seiner Karriere noch als Profifu\u00dfballer f\u00fcr den FC Bosch auf dem Platz. F\u00fcr die Liebe zur Musik legte er allerdings mit 18 Jahren die Fu\u00dfballschuhe nieder und widmete sich seinem gr\u00f6\u00dften Traum. Bereits in seiner Heimat hat der sympathische Musiker Mut bewiesen, indem er seine Gef\u00fchle und Hoffnungen nicht nur besungen, sondern diese auch aus eigener Kraft verwirklicht hat. Ebenso sanft wie er als S\u00e4nger ist, hat er stets felsenfest an sich und seine Tr\u00e4ume geglaubt und aus dieser inneren St\u00e4rke das scheinbar Unm\u00f6gliche m\u00f6glich gemacht.<\/p>\n<p>Nachdem der charmante Niederl\u00e4nder bereits seit Jahren das Publikum mit seiner warmen Stimme begeistert, verwirklichte er 2021 endlich seinen gro\u00dfen Traum und eroberte den deutschen Schlagermarkt. Mit seinem Doppelalbum \u201eDas Beste\u201c erreichte van Daam 2021 Platz 5 der offiziellen deutschen Albumcharts, und sogar Platz 1 der offiziellen Top 20 Schlager Charts.<\/p>\n<p>Das gr\u00f6\u00dfte Ziel ist f\u00fcr Henk, sein Publikum mit seiner Musik gl\u00fccklich zu machen und sie mit wundersch\u00f6nen warmen Melodien zum Tr\u00e4umen anzuregen. Diese Mischung aus Liebe, Gef\u00fchlen und ganz viel Herzblut findet sich auch in seinem neuen Studioalbum \u201eAlle unsere Tr\u00e4ume\u201c wieder. Mit neuen Titeln wie \u201eAlles Gl\u00fcck dieser Welt\u201c, \u201eStolz auf Dich\u201c und \u201eLiebe ist ein Lied\u201c l\u00e4dt der S\u00e4nger zum Lieben, Tr\u00e4umen und Genie\u00dfen ein.<\/p>\n<p>Mit der Liebe zur Musik, dem R\u00fcckhalt der Fans und einer CD mit 14 Titeln voller Tr\u00e4ume startet Henk van Daam ins neue Fr\u00fchjahr 2022.<br \/>\n\u201eAlle unsere Tr\u00e4ume\u201c von Henk van Daam erscheint am 25. M\u00e4rz 2022 bei TELAMO.<\/p>\n<p><span style=\"color: #800000;\"><strong>Dieses Album ist ab dem 25.03.2022 in allen bekannten Onlineshops erh\u00e4ltlich!<\/strong><\/span><\/p>\n<p><span style=\"color: #800000;\"><strong>Airdate (f\u00fcr Radiosender): 25.03.2022<\/strong><\/span><\/p>\n","protected":false},"excerpt":{"rendered":"<p>Nur wer im Leben Tr\u00e4ume hat und ihnen folgt, kann Gro\u00dfes erreichen. Von diesem Motto l\u00e4sst sich der Niederl\u00e4nder Henk van Daam durch sein neues Album \u201eAlle unsere Tr\u00e4ume\u201c leiten. Der talentierte und bodenst\u00e4ndige S\u00e4nger stand zu Beginn seiner Karriere noch als Profifu\u00dfballer f\u00fcr den FC Bosch auf dem Platz. F\u00fcr die Liebe zur Musik legte er allerdings mit 18 Jahren die Fu\u00dfballschuhe nieder und widmete sich seinem gr\u00f6\u00dften Traum. Bereits in seiner Heimat hat der sympathische Musiker Mut bewiesen, indem er seine Gef\u00fchle und Hoffnungen nicht nur besungen, sondern diese auch aus eigener Kraft verwirklicht hat. Ebenso sanft wie er als S\u00e4nger ist, hat&#8230;<\/p>\n","protected":false},"author":1,"featured_media":10003,"comment_status":"closed","ping_status":"closed","sticky":false,"template":"","format":"standard","meta":{"footnotes":""},"categories":[2],"tags":[1221],"class_list":["post-10001","post","type-post","status-publish","format-standard","has-post-thumbnail","hentry","category-schlager","tag-henk-van-daam","wpcat-2-id"],"_links":{"self":[{"href":"https:\/\/bergers-schlagerparadies.de\/index.php?rest_route=\/wp\/v2\/posts\/10001","targetHints":{"allow":["GET"]}}],"collection":[{"href":"https:\/\/bergers-schlagerparadies.de\/index.php?rest_route=\/wp\/v2\/posts"}],"about":[{"href":"https:\/\/bergers-schlagerparadies.de\/index.php?rest_route=\/wp\/v2\/types\/post"}],"author":[{"embeddable":true,"href":"https:\/\/bergers-schlagerparadies.de\/index.php?rest_route=\/wp\/v2\/users\/1"}],"replies":[{"embeddable":true,"href":"https:\/\/bergers-schlagerparadies.de\/index.php?rest_route=%2Fwp%2Fv2%2Fcomments&post=10001"}],"version-history":[{"count":1,"href":"https:\/\/bergers-schlagerparadies.de\/index.php?rest_route=\/wp\/v2\/posts\/10001\/revisions"}],"predecessor-version":[{"id":10004,"href":"https:\/\/bergers-schlagerparadies.de\/index.php?rest_route=\/wp\/v2\/posts\/10001\/revisions\/10004"}],"wp:featuredmedia":[{"embeddable":true,"href":"https:\/\/bergers-schlagerparadies.de\/index.php?rest_route=\/wp\/v2\/media\/10003"}],"wp:attachment":[{"href":"https:\/\/bergers-schlagerparadies.de\/index.php?rest_route=%2Fwp%2Fv2%2Fmedia&parent=10001"}],"wp:term":[{"taxonomy":"category","embeddable":true,"href":"https:\/\/bergers-schlagerparadies.de\/index.php?rest_route=%2Fwp%2Fv2%2Fcategories&post=10001"},{"taxonomy":"post_tag","embeddable":true,"href":"https:\/\/bergers-schlagerparadies.de\/index.php?rest_route=%2Fwp%2Fv2%2Ftags&post=10001"}],"curies":[{"name":"wp","href":"https:\/\/api.w.org\/{rel}","templated":true}]}}